{"id":67,"date":"2021-01-01T12:22:00","date_gmt":"2021-01-01T11:22:00","guid":{"rendered":"http:\/\/pruszczgdanski.home.pl\/autoinstalator\/wordpressplugins2\/?p=67"},"modified":"2021-06-16T16:28:10","modified_gmt":"2021-06-16T14:28:10","slug":"przywrocenie-szkolnego-rozkladu-jazdy-w-komunikacji-gminnej","status":"publish","type":"post","link":"https:\/\/splegowo.pl\/index.php\/2021\/01\/01\/przywrocenie-szkolnego-rozkladu-jazdy-w-komunikacji-gminnej\/","title":{"rendered":"Przywr\u00f3cenie szkolnego rozk\u0142adu jazdy w komunikacji gminnej"},"content":{"rendered":"\n<p><strong>Od 18 stycznia 2021r. przywr\u00f3cenie w komunikacji gminnej szkolnego rozk\u0142adu jazdy<\/strong><\/p>\n\n\n\n<p>W zwi\u0105zku z przywr\u00f3ceniem nauki stacjonarnej dla uczni\u00f3w klas 1-3 szk\u00f3\u0142 podstawowych<strong> od<br>18 stycznia 2021r. w komunikacji gminnej wykonywanej przez firm\u0119 Albatros rozk\u0142ady jazdy zostan\u0105 przywr\u00f3cone do obowi\u0105zuj\u0105cych w dni nauki szkolnej.<\/strong><\/p>\n\n\n\n<p>Jednocze\u015bnie przypominamy, \u017ce od 1 stycznia 2021r. komunikacja gminna jest obs\u0142ugiwana przez nowego przewo\u017anika <strong>firm\u0119 Albatros<\/strong>. Niestety z uwagi na procedury i przepisy prawne zmianie ulega rozk\u0142ad jazdy oraz numeracja linii komunikacyjnych.<\/p>\n\n\n\n<figure class=\"wp-block-table\"><table><tbody><tr><td>Stare oznaczenie<\/td><td><strong>Nowe oznaczenie<\/strong><\/td><\/tr><tr><td>841<\/td><td><strong>821<\/strong><\/td><\/tr><tr><td>842<\/td><td><strong>822<\/strong><\/td><\/tr><tr><td>843<\/td><td><strong>823<\/strong><\/td><\/tr><tr><td>844<\/td><td><strong>824<\/strong><\/td><\/tr><tr><td>845<\/td><td><strong>825<\/strong><\/td><\/tr><tr><td>846<\/td><td><strong>836<\/strong><\/td><\/tr><tr><td>847<\/td><td><strong>837<\/strong><\/td><\/tr><tr><td>848<\/td><td><strong>838<\/strong><\/td><\/tr><\/tbody><\/table><\/figure>\n\n\n\n<p>Obowi\u0105zuj\u0105cy rozk\u0142ady jazdy dost\u0119pny jest na stronie Urz\u0119du Gminy: <em>https:\/\/www.pruszczgdanski.pl\/asp\/komunikacja-gminna,3,,1<\/em><\/p>\n\n\n\n<p>Tak, jak w latach poprzednich w komunikacji gminnej gminy Pruszcz Gda\u0144ski stosuje si\u0119 wszystkie ulgi ustawowe oraz ulgi wynikaj\u0105ce z prawa miejscowego w tym:<\/p>\n\n\n\n<ul><li><strong>darmowe<\/strong> przejazdy dla opiekun\u00f3w szkolnych sprawuj\u0105cych opiek\u0119 nad dzie\u0107mi&nbsp;w autobusie, zatrudnionych przez Gmin\u0119 Pruszcz Gda\u0144ski;<\/li><li><strong>ulgowe ceny bilet\u00f3w<\/strong> na przejazdy jednorazowe dla uczni\u00f3w, student\u00f3w, emeryt\u00f3w i&nbsp;rencist\u00f3w w&nbsp;nast\u0119puj\u0105cy spos\u00f3b:<ul><li>cena biletu ulgowego na jednorazowy przejazd obejmuj\u0105cy jedn\u0105 stref\u0119 wynosi 2,50&nbsp;z\u0142, obejmuj\u0105c\u0105 dwie strefy wynosi 3,80&nbsp;z\u0142, a&nbsp;obejmuj\u0105c\u0105 trzy strefy wynosi 5,00&nbsp;z\u0142.<\/li><\/ul><\/li><li><strong>darmowe<\/strong> przejazdy dla os\u00f3b, kt\u00f3re uko\u0144czy\u0142y 75 rok \u017cycia oraz dla os\u00f3b posiadaj\u0105cych kart\u0119 seniora wydan\u0105 przez W\u00f3jta Gminy Pruszcz Gda\u0144ski, kt\u00f3re uko\u0144czy\u0142y 70 rok \u017cycia.<\/li><\/ul>\n","protected":false},"excerpt":{"rendered":"<p>Od 18 stycznia 2021r. przywr\u00f3cenie w komunikacji gminnej szkolnego rozk\u0142adu jazdy W zwi\u0105zku z przywr\u00f3ceniem nauki stacjonarnej dla uczni\u00f3w klas &hellip; <\/p>\n","protected":false},"author":1,"featured_media":79,"comment_status":"closed","ping_status":"open","sticky":false,"template":"","format":"standard","meta":[],"categories":[29,36],"tags":[],"_links":{"self":[{"href":"https:\/\/splegowo.pl\/index.php\/wp-json\/wp\/v2\/posts\/67"}],"collection":[{"href":"https:\/\/splegowo.pl\/index.php\/wp-json\/wp\/v2\/posts"}],"about":[{"href":"https:\/\/splegowo.pl\/index.php\/wp-json\/wp\/v2\/types\/post"}],"author":[{"embeddable":true,"href":"https:\/\/splegowo.pl\/index.php\/wp-json\/wp\/v2\/users\/1"}],"replies":[{"embeddable":true,"href":"https:\/\/splegowo.pl\/index.php\/wp-json\/wp\/v2\/comments?post=67"}],"version-history":[{"count":0,"href":"https:\/\/splegowo.pl\/index.php\/wp-json\/wp\/v2\/posts\/67\/revisions"}],"wp:featuredmedia":[{"embeddable":true,"href":"https:\/\/splegowo.pl\/index.php\/wp-json\/wp\/v2\/media\/79"}],"wp:attachment":[{"href":"https:\/\/splegowo.pl\/index.php\/wp-json\/wp\/v2\/media?parent=67"}],"wp:term":[{"taxonomy":"category","embeddable":true,"href":"https:\/\/splegowo.pl\/index.php\/wp-json\/wp\/v2\/categories?post=67"},{"taxonomy":"post_tag","embeddable":true,"href":"https:\/\/splegowo.pl\/index.php\/wp-json\/wp\/v2\/tags?post=67"}],"curies":[{"name":"wp","href":"https:\/\/api.w.org\/{rel}","templated":true}]}}