{"id":646,"date":"2021-06-23T20:38:00","date_gmt":"2021-06-23T18:38:00","guid":{"rendered":"http:\/\/pruszczgdanski.home.pl\/autoinstalator\/wordpressplugins2\/?p=646"},"modified":"2021-07-27T22:40:37","modified_gmt":"2021-07-27T20:40:37","slug":"uroczyste-zakonczenie-roku-szkolnego-2020-2021-odbedzie-sie-na-boisku-asfaltowym","status":"publish","type":"post","link":"https:\/\/splegowo.pl\/index.php\/2021\/06\/23\/uroczyste-zakonczenie-roku-szkolnego-2020-2021-odbedzie-sie-na-boisku-asfaltowym\/","title":{"rendered":"UROCZYSTE ZAKO\u0143CZENIE ROKU SZKOLNEGO 2020\/2021 odb\u0119dzie si\u0119 na boisku asfaltowym"},"content":{"rendered":"\t\t<div data-elementor-type=\"wp-post\" data-elementor-id=\"646\" class=\"elementor elementor-646\">\n\t\t\t\t\t\t\t\t\t<section class=\"elementor-section elementor-top-section elementor-element elementor-element-93029ef elementor-section-boxed elementor-section-height-default elementor-section-height-default\" data-id=\"93029ef\" data-element_type=\"section\">\n\t\t\t\t\t\t<div class=\"elementor-container elementor-column-gap-default\">\n\t\t\t\t\t<div class=\"elementor-column elementor-col-100 elementor-top-column elementor-element elementor-element-b743651\" data-id=\"b743651\" data-element_type=\"column\">\n\t\t\t<div class=\"elementor-widget-wrap elementor-element-populated\">\n\t\t\t\t\t\t\t\t<div class=\"elementor-element elementor-element-f65277a elementor-widget elementor-widget-text-editor\" data-id=\"f65277a\" data-element_type=\"widget\" data-widget_type=\"text-editor.default\">\n\t\t\t\t<div class=\"elementor-widget-container\">\n\t\t\t\t\t\t\t<p>klas IV &#8211; VII o godz. 8<sup><u>00<\/u><\/sup><br \/><br \/>klas 0-III o godz. 11<sup><u>00<\/u><\/sup><br \/><br \/>Po spotkaniu uczniowie wraz z wychowawcami udadz\u0105 si\u0119 na rozdanie \u015bwiadectw. W przypadku deszczowej pogody odb\u0119dzie si\u0119 tylko spotkanie z wychowawcami w salach lekcyjnych.<\/p>\t\t\t\t\t\t<\/div>\n\t\t\t\t<\/div>\n\t\t\t\t\t<\/div>\n\t\t<\/div>\n\t\t\t\t\t\t\t<\/div>\n\t\t<\/section>\n\t\t\t\t\t\t\t<\/div>\n\t\t","protected":false},"excerpt":{"rendered":"<p>klas IV &#8211; VII o godz. 800 klas 0-III o godz. 1100 Po spotkaniu uczniowie wraz z wychowawcami udadz\u0105 si\u0119 &hellip; <\/p>\n","protected":false},"author":4,"featured_media":0,"comment_status":"closed","ping_status":"open","sticky":false,"template":"","format":"standard","meta":[],"categories":[29,1,36],"tags":[],"_links":{"self":[{"href":"https:\/\/splegowo.pl\/index.php\/wp-json\/wp\/v2\/posts\/646"}],"collection":[{"href":"https:\/\/splegowo.pl\/index.php\/wp-json\/wp\/v2\/posts"}],"about":[{"href":"https:\/\/splegowo.pl\/index.php\/wp-json\/wp\/v2\/types\/post"}],"author":[{"embeddable":true,"href":"https:\/\/splegowo.pl\/index.php\/wp-json\/wp\/v2\/users\/4"}],"replies":[{"embeddable":true,"href":"https:\/\/splegowo.pl\/index.php\/wp-json\/wp\/v2\/comments?post=646"}],"version-history":[{"count":0,"href":"https:\/\/splegowo.pl\/index.php\/wp-json\/wp\/v2\/posts\/646\/revisions"}],"wp:attachment":[{"href":"https:\/\/splegowo.pl\/index.php\/wp-json\/wp\/v2\/media?parent=646"}],"wp:term":[{"taxonomy":"category","embeddable":true,"href":"https:\/\/splegowo.pl\/index.php\/wp-json\/wp\/v2\/categories?post=646"},{"taxonomy":"post_tag","embeddable":true,"href":"https:\/\/splegowo.pl\/index.php\/wp-json\/wp\/v2\/tags?post=646"}],"curies":[{"name":"wp","href":"https:\/\/api.w.org\/{rel}","templated":true}]}}