{"id":563,"date":"2021-06-11T20:04:00","date_gmt":"2021-06-11T18:04:00","guid":{"rendered":"http:\/\/pruszczgdanski.home.pl\/autoinstalator\/wordpressplugins2\/?p=563"},"modified":"2021-07-27T23:38:55","modified_gmt":"2021-07-27T21:38:55","slug":"konkurs-swietlicowy-portret-mojej-mamy-11-06-2021-r","status":"publish","type":"post","link":"https:\/\/splegowo.pl\/index.php\/2021\/06\/11\/konkurs-swietlicowy-portret-mojej-mamy-11-06-2021-r\/","title":{"rendered":"KONKURS \u015aWIETLICOWY &#8222;PORTRET MOJEJ MAMY&#8221; &#8211; 11.06.2021 r."},"content":{"rendered":"\t\t<div data-elementor-type=\"wp-post\" data-elementor-id=\"563\" class=\"elementor elementor-563\">\n\t\t\t\t\t\t\t\t\t<section class=\"elementor-section elementor-top-section elementor-element elementor-element-6f50e51 elementor-section-boxed elementor-section-height-default elementor-section-height-default\" data-id=\"6f50e51\" data-element_type=\"section\">\n\t\t\t\t\t\t<div class=\"elementor-container elementor-column-gap-default\">\n\t\t\t\t\t<div class=\"elementor-column elementor-col-100 elementor-top-column elementor-element elementor-element-cbd91e6\" data-id=\"cbd91e6\" data-element_type=\"column\">\n\t\t\t<div class=\"elementor-widget-wrap elementor-element-populated\">\n\t\t\t\t\t\t\t\t<div class=\"elementor-element elementor-element-fec426b elementor-widget elementor-widget-text-editor\" data-id=\"fec426b\" data-element_type=\"widget\" data-widget_type=\"text-editor.default\">\n\t\t\t\t<div class=\"elementor-widget-container\">\n\t\t\t\t\t\t\t<p>Z okazji Dnia Matki wychowawczynie \u015bwietlicy szkolnej postanowi\u0142y zorganizowa\u0107 konkurs plastyczny pt. &#8222;Portret mojej mamy&#8221;. Cieszy\u0142 si\u0119 on olbrzymi\u0105 popularno\u015bci\u0105. Z 23 dostarczonych prac wybrano te, kt\u00f3rych autorzy wykazali si\u0119 najwi\u0119ksz\u0105 kreatywno\u015bci\u0105.<br \/>NASI LAUREACI TO:<br \/>1 MIEJSCE: Oliwia Paw\u0142owska ( 0 &#8222;b&#8221;)<br \/>2 MIEJSCE: Bartosz Ostrowski ( 1 &#8222;a&#8221;)<br \/>3 MIEJSCE: Amelka Wrza\u0142ka ( 2 &#8222;a&#8221;)<br \/>Cornelia Rydel ( 2 &#8222;b&#8221;)<\/p><p>Wszystkim uczestnikom serdecznie dzi\u0119kujemy i gratulujemy ogromnego sukcesu.<\/p><p>Wychowawcy \u015bwietlicy.<\/p>\t\t\t\t\t\t<\/div>\n\t\t\t\t<\/div>\n\t\t\t\t\t<\/div>\n\t\t<\/div>\n\t\t\t\t\t\t\t<\/div>\n\t\t<\/section>\n\t\t\t\t<section class=\"elementor-section elementor-top-section elementor-element elementor-element-c8ff425 elementor-section-boxed elementor-section-height-default elementor-section-height-default\" data-id=\"c8ff425\" data-element_type=\"section\">\n\t\t\t\t\t\t<div class=\"elementor-container elementor-column-gap-default\">\n\t\t\t\t\t<div class=\"elementor-column elementor-col-100 elementor-top-column elementor-element elementor-element-1786758\" data-id=\"1786758\" data-element_type=\"column\">\n\t\t\t<div class=\"elementor-widget-wrap elementor-element-populated\">\n\t\t\t\t\t\t\t\t<div class=\"elementor-element elementor-element-c0b5c43 elementor-widget elementor-widget-image-gallery\" data-id=\"c0b5c43\" data-element_type=\"widget\" data-widget_type=\"image-gallery.default\">\n\t\t\t\t<div class=\"elementor-widget-container\">\n\t\t\t\t\t<div class=\"elementor-image-gallery\">\n\t\t\t<div id='gallery-1' class='gallery galleryid-563 gallery-columns-4 gallery-size-thumbnail'><figure class='gallery-item'>\n\t\t\t<div class='gallery-icon portrait'>\n\t\t\t\t<a data-elementor-open-lightbox=\"yes\" data-elementor-lightbox-slideshow=\"c0b5c43\" data-elementor-lightbox-title=\"210611_konkurs_swietlica_d1\" data-e-action-hash=\"#elementor-action%3Aaction%3Dlightbox%26settings%3DeyJpZCI6NTcyLCJ1cmwiOiJodHRwczpcL1wvc3BsZWdvd28ucGxcL3dwLWNvbnRlbnRcL3VwbG9hZHNcLzIwMjFcLzA3XC8yMTA2MTFfa29ua3Vyc19zd2lldGxpY2FfZDEuanBnIiwic2xpZGVzaG93IjoiYzBiNWM0MyJ9\" href='https:\/\/splegowo.pl\/wp-content\/uploads\/2021\/07\/210611_konkurs_swietlica_d1.jpg'><img width=\"150\" height=\"150\" src=\"https:\/\/splegowo.pl\/wp-content\/uploads\/2021\/07\/210611_konkurs_swietlica_d1-150x150.jpg\" class=\"attachment-thumbnail size-thumbnail\" alt=\"\" decoding=\"async\" loading=\"lazy\" \/><\/a>\n\t\t\t<\/div><\/figure><figure class='gallery-item'>\n\t\t\t<div class='gallery-icon portrait'>\n\t\t\t\t<a data-elementor-open-lightbox=\"yes\" data-elementor-lightbox-slideshow=\"c0b5c43\" data-elementor-lightbox-title=\"210611_konkurs_swietlica_d4\" data-e-action-hash=\"#elementor-action%3Aaction%3Dlightbox%26settings%3DeyJpZCI6NTcwLCJ1cmwiOiJodHRwczpcL1wvc3BsZWdvd28ucGxcL3dwLWNvbnRlbnRcL3VwbG9hZHNcLzIwMjFcLzA3XC8yMTA2MTFfa29ua3Vyc19zd2lldGxpY2FfZDQuanBnIiwic2xpZGVzaG93IjoiYzBiNWM0MyJ9\" href='https:\/\/splegowo.pl\/wp-content\/uploads\/2021\/07\/210611_konkurs_swietlica_d4.jpg'><img width=\"150\" height=\"150\" src=\"https:\/\/splegowo.pl\/wp-content\/uploads\/2021\/07\/210611_konkurs_swietlica_d4-150x150.jpg\" class=\"attachment-thumbnail size-thumbnail\" alt=\"\" decoding=\"async\" loading=\"lazy\" \/><\/a>\n\t\t\t<\/div><\/figure><figure class='gallery-item'>\n\t\t\t<div class='gallery-icon landscape'>\n\t\t\t\t<a data-elementor-open-lightbox=\"yes\" data-elementor-lightbox-slideshow=\"c0b5c43\" data-elementor-lightbox-title=\"210611_konkurs_swietlica_d3\" data-e-action-hash=\"#elementor-action%3Aaction%3Dlightbox%26settings%3DeyJpZCI6NTY5LCJ1cmwiOiJodHRwczpcL1wvc3BsZWdvd28ucGxcL3dwLWNvbnRlbnRcL3VwbG9hZHNcLzIwMjFcLzA3XC8yMTA2MTFfa29ua3Vyc19zd2lldGxpY2FfZDMuanBnIiwic2xpZGVzaG93IjoiYzBiNWM0MyJ9\" href='https:\/\/splegowo.pl\/wp-content\/uploads\/2021\/07\/210611_konkurs_swietlica_d3.jpg'><img width=\"150\" height=\"150\" src=\"https:\/\/splegowo.pl\/wp-content\/uploads\/2021\/07\/210611_konkurs_swietlica_d3-150x150.jpg\" class=\"attachment-thumbnail size-thumbnail\" alt=\"\" decoding=\"async\" loading=\"lazy\" \/><\/a>\n\t\t\t<\/div><\/figure><figure class='gallery-item'>\n\t\t\t<div class='gallery-icon portrait'>\n\t\t\t\t<a data-elementor-open-lightbox=\"yes\" data-elementor-lightbox-slideshow=\"c0b5c43\" data-elementor-lightbox-title=\"210611_konkurs_swietlica_d2\" data-e-action-hash=\"#elementor-action%3Aaction%3Dlightbox%26settings%3DeyJpZCI6NTY4LCJ1cmwiOiJodHRwczpcL1wvc3BsZWdvd28ucGxcL3dwLWNvbnRlbnRcL3VwbG9hZHNcLzIwMjFcLzA3XC8yMTA2MTFfa29ua3Vyc19zd2lldGxpY2FfZDIuanBnIiwic2xpZGVzaG93IjoiYzBiNWM0MyJ9\" href='https:\/\/splegowo.pl\/wp-content\/uploads\/2021\/07\/210611_konkurs_swietlica_d2.jpg'><img width=\"150\" height=\"150\" src=\"https:\/\/splegowo.pl\/wp-content\/uploads\/2021\/07\/210611_konkurs_swietlica_d2-150x150.jpg\" class=\"attachment-thumbnail size-thumbnail\" alt=\"\" decoding=\"async\" loading=\"lazy\" \/><\/a>\n\t\t\t<\/div><\/figure><figure class='gallery-item'>\n\t\t\t<div class='gallery-icon portrait'>\n\t\t\t\t<a data-elementor-open-lightbox=\"yes\" data-elementor-lightbox-slideshow=\"c0b5c43\" data-elementor-lightbox-title=\"210611_konkurs_swietlica_d5\" data-e-action-hash=\"#elementor-action%3Aaction%3Dlightbox%26settings%3DeyJpZCI6NTcxLCJ1cmwiOiJodHRwczpcL1wvc3BsZWdvd28ucGxcL3dwLWNvbnRlbnRcL3VwbG9hZHNcLzIwMjFcLzA3XC8yMTA2MTFfa29ua3Vyc19zd2lldGxpY2FfZDUuanBnIiwic2xpZGVzaG93IjoiYzBiNWM0MyJ9\" href='https:\/\/splegowo.pl\/wp-content\/uploads\/2021\/07\/210611_konkurs_swietlica_d5.jpg'><img width=\"150\" height=\"150\" src=\"https:\/\/splegowo.pl\/wp-content\/uploads\/2021\/07\/210611_konkurs_swietlica_d5-150x150.jpg\" class=\"attachment-thumbnail size-thumbnail\" alt=\"\" decoding=\"async\" loading=\"lazy\" \/><\/a>\n\t\t\t<\/div><\/figure>\n\t\t<\/div>\n\t\t<\/div>\n\t\t\t\t<\/div>\n\t\t\t\t<\/div>\n\t\t\t\t\t<\/div>\n\t\t<\/div>\n\t\t\t\t\t\t\t<\/div>\n\t\t<\/section>\n\t\t\t\t\t\t\t<\/div>\n\t\t","protected":false},"excerpt":{"rendered":"<p>Z okazji Dnia Matki wychowawczynie \u015bwietlicy szkolnej postanowi\u0142y zorganizowa\u0107 konkurs plastyczny pt. &#8222;Portret mojej mamy&#8221;. Cieszy\u0142 si\u0119 on olbrzymi\u0105 popularno\u015bci\u0105. &hellip; <\/p>\n","protected":false},"author":4,"featured_media":568,"comment_status":"closed","ping_status":"open","sticky":false,"template":"","format":"standard","meta":[],"categories":[29,1,36],"tags":[],"_links":{"self":[{"href":"https:\/\/splegowo.pl\/index.php\/wp-json\/wp\/v2\/posts\/563"}],"collection":[{"href":"https:\/\/splegowo.pl\/index.php\/wp-json\/wp\/v2\/posts"}],"about":[{"href":"https:\/\/splegowo.pl\/index.php\/wp-json\/wp\/v2\/types\/post"}],"author":[{"embeddable":true,"href":"https:\/\/splegowo.pl\/index.php\/wp-json\/wp\/v2\/users\/4"}],"replies":[{"embeddable":true,"href":"https:\/\/splegowo.pl\/index.php\/wp-json\/wp\/v2\/comments?post=563"}],"version-history":[{"count":0,"href":"https:\/\/splegowo.pl\/index.php\/wp-json\/wp\/v2\/posts\/563\/revisions"}],"wp:featuredmedia":[{"embeddable":true,"href":"https:\/\/splegowo.pl\/index.php\/wp-json\/wp\/v2\/media\/568"}],"wp:attachment":[{"href":"https:\/\/splegowo.pl\/index.php\/wp-json\/wp\/v2\/media?parent=563"}],"wp:term":[{"taxonomy":"category","embeddable":true,"href":"https:\/\/splegowo.pl\/index.php\/wp-json\/wp\/v2\/categories?post=563"},{"taxonomy":"post_tag","embeddable":true,"href":"https:\/\/splegowo.pl\/index.php\/wp-json\/wp\/v2\/tags?post=563"}],"curies":[{"name":"wp","href":"https:\/\/api.w.org\/{rel}","templated":true}]}}