{"id":544,"date":"2021-05-28T19:51:00","date_gmt":"2021-05-28T17:51:00","guid":{"rendered":"http:\/\/pruszczgdanski.home.pl\/autoinstalator\/wordpressplugins2\/?p=544"},"modified":"2021-07-27T22:46:11","modified_gmt":"2021-07-27T20:46:11","slug":"biologia-co-to-takiego-czyli-moja-wizja-biologii-28-05-2021-r","status":"publish","type":"post","link":"https:\/\/splegowo.pl\/index.php\/2021\/05\/28\/biologia-co-to-takiego-czyli-moja-wizja-biologii-28-05-2021-r\/","title":{"rendered":"Biologia &#8211; co to takiego? Czyli moja wizja biologii &#8211; 28.05.2021 r."},"content":{"rendered":"\t\t<div data-elementor-type=\"wp-post\" data-elementor-id=\"544\" class=\"elementor elementor-544\">\n\t\t\t\t\t\t\t\t\t<section class=\"elementor-section elementor-top-section elementor-element elementor-element-c62b8a1 elementor-section-boxed elementor-section-height-default elementor-section-height-default\" data-id=\"c62b8a1\" data-element_type=\"section\">\n\t\t\t\t\t\t<div class=\"elementor-container elementor-column-gap-default\">\n\t\t\t\t\t<div class=\"elementor-column elementor-col-100 elementor-top-column elementor-element elementor-element-99b0f25\" data-id=\"99b0f25\" data-element_type=\"column\">\n\t\t\t<div class=\"elementor-widget-wrap elementor-element-populated\">\n\t\t\t\t\t\t\t\t<div class=\"elementor-element elementor-element-5e83680 elementor-widget elementor-widget-text-editor\" data-id=\"5e83680\" data-element_type=\"widget\" data-widget_type=\"text-editor.default\">\n\t\t\t\t<div class=\"elementor-widget-container\">\n\t\t\t\t\t\t\t<p>Nasi uczniowie wzi\u0119li udzia\u0142 w konkursie plastycznym &#8222;Biologia- co to takiego? Czyli moja wizja biologii&#8221;, organizowanym przez Uniwersytet Warmi\u0144sko Mazurski, w ramach projektu Spotkania z nauk\u0105.<\/p><p><b>Aleksandra Zakrzewska<\/b>\u00a0z klasy 5b zaj\u0119\u0142a III miejsce w kategorii wiekowej 7-12 lat.<\/p><p>W tej samej kategorii wiekowej cztery osoby z naszej szko\u0142y uzyska\u0142y wyr\u00f3\u017cnienie:<br \/>Maja Wolf &#8211; klasa 5b<br \/>Bo\u017cena Burdon &#8211; klasa 6c<br \/>Natalia Wojda &#8211; klasa 6a<br \/>Mateusz Breska &#8211; klasa 6c<br \/>Gratulujemy!!!<\/p>\t\t\t\t\t\t<\/div>\n\t\t\t\t<\/div>\n\t\t\t\t\t<\/div>\n\t\t<\/div>\n\t\t\t\t\t\t\t<\/div>\n\t\t<\/section>\n\t\t\t\t<section class=\"elementor-section elementor-top-section elementor-element elementor-element-9db4bcb elementor-section-boxed elementor-section-height-default elementor-section-height-default\" data-id=\"9db4bcb\" data-element_type=\"section\">\n\t\t\t\t\t\t<div class=\"elementor-container elementor-column-gap-default\">\n\t\t\t\t\t<div class=\"elementor-column elementor-col-100 elementor-top-column elementor-element elementor-element-9f691ab\" data-id=\"9f691ab\" data-element_type=\"column\">\n\t\t\t<div class=\"elementor-widget-wrap elementor-element-populated\">\n\t\t\t\t\t\t\t\t<div class=\"elementor-element elementor-element-f1077fe elementor-widget elementor-widget-text-editor\" data-id=\"f1077fe\" data-element_type=\"widget\" data-widget_type=\"text-editor.default\">\n\t\t\t\t<div class=\"elementor-widget-container\">\n\t\t\t\t\t\t\t<p>Link do wystawy prac konkursowych:<br \/><a href=\"https:\/\/spotkanianauka.blogspot.com\/2021\/05\/ogoszenie-wynikow-konkursu-plastycznego.html\" target=\"_blank\" rel=\"noopener\">https:\/\/spotkanianauka.blogspot.com\/2021\/05\/ogoszenie-wynikow-konkursu-plastycznego.html<\/a><\/p>\t\t\t\t\t\t<\/div>\n\t\t\t\t<\/div>\n\t\t\t\t\t<\/div>\n\t\t<\/div>\n\t\t\t\t\t\t\t<\/div>\n\t\t<\/section>\n\t\t\t\t\t\t\t<\/div>\n\t\t","protected":false},"excerpt":{"rendered":"<p>Nasi uczniowie wzi\u0119li udzia\u0142 w konkursie plastycznym &#8222;Biologia- co to takiego? Czyli moja wizja biologii&#8221;, organizowanym przez Uniwersytet Warmi\u0144sko Mazurski, &hellip; <\/p>\n","protected":false},"author":4,"featured_media":0,"comment_status":"closed","ping_status":"open","sticky":false,"template":"","format":"standard","meta":[],"categories":[29,1,36],"tags":[],"_links":{"self":[{"href":"https:\/\/splegowo.pl\/index.php\/wp-json\/wp\/v2\/posts\/544"}],"collection":[{"href":"https:\/\/splegowo.pl\/index.php\/wp-json\/wp\/v2\/posts"}],"about":[{"href":"https:\/\/splegowo.pl\/index.php\/wp-json\/wp\/v2\/types\/post"}],"author":[{"embeddable":true,"href":"https:\/\/splegowo.pl\/index.php\/wp-json\/wp\/v2\/users\/4"}],"replies":[{"embeddable":true,"href":"https:\/\/splegowo.pl\/index.php\/wp-json\/wp\/v2\/comments?post=544"}],"version-history":[{"count":0,"href":"https:\/\/splegowo.pl\/index.php\/wp-json\/wp\/v2\/posts\/544\/revisions"}],"wp:attachment":[{"href":"https:\/\/splegowo.pl\/index.php\/wp-json\/wp\/v2\/media?parent=544"}],"wp:term":[{"taxonomy":"category","embeddable":true,"href":"https:\/\/splegowo.pl\/index.php\/wp-json\/wp\/v2\/categories?post=544"},{"taxonomy":"post_tag","embeddable":true,"href":"https:\/\/splegowo.pl\/index.php\/wp-json\/wp\/v2\/tags?post=544"}],"curies":[{"name":"wp","href":"https:\/\/api.w.org\/{rel}","templated":true}]}}