{"id":489,"date":"2021-06-01T18:40:00","date_gmt":"2021-06-01T16:40:00","guid":{"rendered":"http:\/\/pruszczgdanski.home.pl\/autoinstalator\/wordpressplugins2\/?p=489"},"modified":"2021-07-27T23:40:13","modified_gmt":"2021-07-27T21:40:13","slug":"bajki-w-parku-czerwiec-2021-r","status":"publish","type":"post","link":"https:\/\/splegowo.pl\/index.php\/2021\/06\/01\/bajki-w-parku-czerwiec-2021-r\/","title":{"rendered":"BAJKI W PARKU &#8211; czerwiec 2021 r."},"content":{"rendered":"\t\t<div data-elementor-type=\"wp-post\" data-elementor-id=\"489\" class=\"elementor elementor-489\">\n\t\t\t\t\t\t\t\t\t<section class=\"elementor-section elementor-top-section elementor-element elementor-element-19c4a45 elementor-section-boxed elementor-section-height-default elementor-section-height-default\" data-id=\"19c4a45\" data-element_type=\"section\">\n\t\t\t\t\t\t<div class=\"elementor-container elementor-column-gap-default\">\n\t\t\t\t\t<div class=\"elementor-column elementor-col-100 elementor-top-column elementor-element elementor-element-5239446\" data-id=\"5239446\" data-element_type=\"column\">\n\t\t\t<div class=\"elementor-widget-wrap elementor-element-populated\">\n\t\t\t\t\t\t\t\t<div class=\"elementor-element elementor-element-0d477a8 elementor-widget elementor-widget-text-editor\" data-id=\"0d477a8\" data-element_type=\"widget\" data-widget_type=\"text-editor.default\">\n\t\t\t\t<div class=\"elementor-widget-container\">\n\t\t\t\t\t\t\t<p>BAJKI W PARKU w ka\u017cd\u0105 czerwcow\u0105 sobot\u0119 o godzinie 17:00. Zapraszamy ca\u0142e rodziny na fantastyczne spektakle teatralne do amfiteatru Parku w Wojanowie. B\u0119d\u0105 lalki, b\u0119dzie klaunada, nie zabraknie znanych i lubianych artyst\u00f3w! Nie mo\u017ce was zabrakn\u0105\u0107!<\/p><p>5.06 17:00 &#8211; &#8222;Czerwony Kapturek&#8221; &#8211; Teatr Barnaby<\/p><p>12.06 17:00 &#8211; &#8222;O Rycerzu Pryszczycerzu i Kr\u00f3lewnie Pi\u0119knotce&#8221; &#8211; Teatr Barnaby<\/p><p>19.06 17:00 &#8211; Teatr Clowna Pinezki<\/p><p>26.06 17:00 &#8211; &#8222;Zaj\u0105czek B\u0105czek&#8221; &#8211; Teatr Qfer<\/p><p>Bilety w cenie 10,00 z\u0142 (p\u0142atno\u015b\u0107 got\u00f3wk\u0105) dost\u0119pne b\u0119d\u0105 na godzin\u0119 przed spektaklami. Liczba miejsc ograniczona. W zwi\u0105zku z pandemi\u0105 COVID-19 podamy r\u00f3wnie\u017c regulamin wydarzenia zgodny z bie\u017c\u0105cymi obostrzeniami sanitarnymi.<\/p>\t\t\t\t\t\t<\/div>\n\t\t\t\t<\/div>\n\t\t\t\t\t<\/div>\n\t\t<\/div>\n\t\t\t\t\t\t\t<\/div>\n\t\t<\/section>\n\t\t\t\t<section class=\"elementor-section elementor-top-section elementor-element elementor-element-857f49b elementor-section-boxed elementor-section-height-default elementor-section-height-default\" data-id=\"857f49b\" data-element_type=\"section\">\n\t\t\t\t\t\t<div class=\"elementor-container elementor-column-gap-default\">\n\t\t\t\t\t<div class=\"elementor-column elementor-col-100 elementor-top-column elementor-element elementor-element-cce3b88\" data-id=\"cce3b88\" data-element_type=\"column\">\n\t\t\t<div class=\"elementor-widget-wrap elementor-element-populated\">\n\t\t\t\t\t\t\t\t<div class=\"elementor-element elementor-element-8d73858 elementor-widget elementor-widget-image\" data-id=\"8d73858\" data-element_type=\"widget\" data-widget_type=\"image.default\">\n\t\t\t\t<div class=\"elementor-widget-container\">\n\t\t\t\t\t\t\t\t\t\t\t\t\t\t\t<img decoding=\"async\" width=\"750\" height=\"531\" src=\"https:\/\/splegowo.pl\/wp-content\/uploads\/2021\/07\/210600_bajki_w_parku_d.png\" class=\"attachment-large size-large wp-image-491\" alt=\"\" loading=\"lazy\" srcset=\"https:\/\/splegowo.pl\/wp-content\/uploads\/2021\/07\/210600_bajki_w_parku_d.png 1024w, https:\/\/splegowo.pl\/wp-content\/uploads\/2021\/07\/210600_bajki_w_parku_d-300x212.png 300w, https:\/\/splegowo.pl\/wp-content\/uploads\/2021\/07\/210600_bajki_w_parku_d-768x544.png 768w, https:\/\/splegowo.pl\/wp-content\/uploads\/2021\/07\/210600_bajki_w_parku_d-400x283.png 400w\" sizes=\"(max-width: 750px) 100vw, 750px\" \/>\t\t\t\t\t\t\t\t\t\t\t\t\t\t\t<\/div>\n\t\t\t\t<\/div>\n\t\t\t\t\t<\/div>\n\t\t<\/div>\n\t\t\t\t\t\t\t<\/div>\n\t\t<\/section>\n\t\t\t\t\t\t\t<\/div>\n\t\t","protected":false},"excerpt":{"rendered":"<p>BAJKI W PARKU w ka\u017cd\u0105 czerwcow\u0105 sobot\u0119 o godzinie 17:00. Zapraszamy ca\u0142e rodziny na fantastyczne spektakle teatralne do amfiteatru Parku &hellip; <\/p>\n","protected":false},"author":4,"featured_media":491,"comment_status":"closed","ping_status":"open","sticky":false,"template":"","format":"standard","meta":[],"categories":[29,1,36],"tags":[],"_links":{"self":[{"href":"https:\/\/splegowo.pl\/index.php\/wp-json\/wp\/v2\/posts\/489"}],"collection":[{"href":"https:\/\/splegowo.pl\/index.php\/wp-json\/wp\/v2\/posts"}],"about":[{"href":"https:\/\/splegowo.pl\/index.php\/wp-json\/wp\/v2\/types\/post"}],"author":[{"embeddable":true,"href":"https:\/\/splegowo.pl\/index.php\/wp-json\/wp\/v2\/users\/4"}],"replies":[{"embeddable":true,"href":"https:\/\/splegowo.pl\/index.php\/wp-json\/wp\/v2\/comments?post=489"}],"version-history":[{"count":0,"href":"https:\/\/splegowo.pl\/index.php\/wp-json\/wp\/v2\/posts\/489\/revisions"}],"wp:featuredmedia":[{"embeddable":true,"href":"https:\/\/splegowo.pl\/index.php\/wp-json\/wp\/v2\/media\/491"}],"wp:attachment":[{"href":"https:\/\/splegowo.pl\/index.php\/wp-json\/wp\/v2\/media?parent=489"}],"wp:term":[{"taxonomy":"category","embeddable":true,"href":"https:\/\/splegowo.pl\/index.php\/wp-json\/wp\/v2\/categories?post=489"},{"taxonomy":"post_tag","embeddable":true,"href":"https:\/\/splegowo.pl\/index.php\/wp-json\/wp\/v2\/tags?post=489"}],"curies":[{"name":"wp","href":"https:\/\/api.w.org\/{rel}","templated":true}]}}