{"id":452,"date":"2021-04-20T18:22:00","date_gmt":"2021-04-20T16:22:00","guid":{"rendered":"http:\/\/pruszczgdanski.home.pl\/autoinstalator\/wordpressplugins2\/?p=452"},"modified":"2021-07-27T22:54:36","modified_gmt":"2021-07-27T20:54:36","slug":"flagi-swiata-konkurs-szkolny","status":"publish","type":"post","link":"https:\/\/splegowo.pl\/index.php\/2021\/04\/20\/flagi-swiata-konkurs-szkolny\/","title":{"rendered":"FLAGI \u015aWIATA &#8211; KONKURS SZKOLNY"},"content":{"rendered":"\t\t<div data-elementor-type=\"wp-post\" data-elementor-id=\"452\" class=\"elementor elementor-452\">\n\t\t\t\t\t\t\t\t\t<section class=\"elementor-section elementor-top-section elementor-element elementor-element-376444d elementor-section-boxed elementor-section-height-default elementor-section-height-default\" data-id=\"376444d\" data-element_type=\"section\">\n\t\t\t\t\t\t<div class=\"elementor-container elementor-column-gap-default\">\n\t\t\t\t\t<div class=\"elementor-column elementor-col-100 elementor-top-column elementor-element elementor-element-6d848c9\" data-id=\"6d848c9\" data-element_type=\"column\">\n\t\t\t<div class=\"elementor-widget-wrap elementor-element-populated\">\n\t\t\t\t\t\t\t\t<div class=\"elementor-element elementor-element-16682a9 elementor-widget elementor-widget-text-editor\" data-id=\"16682a9\" data-element_type=\"widget\" data-widget_type=\"text-editor.default\">\n\t\t\t\t<div class=\"elementor-widget-container\">\n\t\t\t\t\t\t\t<p>Zapraszam do udzia\u0142u w konkursie rozpoznawania flag kraj\u00f3w ca\u0142ego \u015bwiata.<\/p><p>2 maja obchodzimy dzie\u0144 Flagi Rzeczypospolitej Polskiej. To doskona\u0142a okazja, aby dowiedzie\u0107 si\u0119 wi\u0119cej o jej pochodzeniu, ale te\u017c rzuci\u0107 okiem i spr\u00f3bowa\u0107 zapami\u0119ta\u0107 jak wygl\u0105daj\u0105 flagi innych pa\u0144stw.<\/p><p>Konkurs jest dla wszystkich ch\u0119tnych uczni\u00f3w z klas od pi\u0105tych do \u00f3smych. Je\u015bli uczniowie m\u0142odsi (z klas 0-4) chcieliby wzi\u0105\u0107 w nim udzia\u0142, prosz\u0119 o informacj\u0119 na: jote@splegowo.pl<\/p><p>Zapisy do 4 maja 2021.<\/p><p>Konkurs odb\u0119dzie si\u0119 w aplikacji Kahoot.<\/p><p>10 maja w poniedzia\u0142ek odb\u0119d\u0105 si\u0119 eliminacje. Do fina\u0142u przejdzie 20 os\u00f3b z najlepszymi wynikami. Fina\u0142 odb\u0119dzie si\u0119 17 maja o 15.00.<br \/><br \/><u>Nagrody:<\/u><br \/>I miejsce- Atlas Geograficzny, 6 z geografii, kultowy d\u0142ugopis, presti\u017c;)<br \/>II miejsce &#8211; 6 z geografii, kultowy d\u0142ugopis, presti\u017c;)<br \/>III miejsce &#8211; 5 z geografii, kultowy d\u0142ugopis, presti\u017c;)<\/p>\t\t\t\t\t\t<\/div>\n\t\t\t\t<\/div>\n\t\t\t\t\t<\/div>\n\t\t<\/div>\n\t\t\t\t\t\t\t<\/div>\n\t\t<\/section>\n\t\t\t\t\t\t\t<\/div>\n\t\t","protected":false},"excerpt":{"rendered":"<p>Zapraszam do udzia\u0142u w konkursie rozpoznawania flag kraj\u00f3w ca\u0142ego \u015bwiata. 2 maja obchodzimy dzie\u0144 Flagi Rzeczypospolitej Polskiej. To doskona\u0142a okazja, &hellip; <\/p>\n","protected":false},"author":4,"featured_media":0,"comment_status":"closed","ping_status":"open","sticky":false,"template":"","format":"standard","meta":[],"categories":[29,1,36],"tags":[],"_links":{"self":[{"href":"https:\/\/splegowo.pl\/index.php\/wp-json\/wp\/v2\/posts\/452"}],"collection":[{"href":"https:\/\/splegowo.pl\/index.php\/wp-json\/wp\/v2\/posts"}],"about":[{"href":"https:\/\/splegowo.pl\/index.php\/wp-json\/wp\/v2\/types\/post"}],"author":[{"embeddable":true,"href":"https:\/\/splegowo.pl\/index.php\/wp-json\/wp\/v2\/users\/4"}],"replies":[{"embeddable":true,"href":"https:\/\/splegowo.pl\/index.php\/wp-json\/wp\/v2\/comments?post=452"}],"version-history":[{"count":0,"href":"https:\/\/splegowo.pl\/index.php\/wp-json\/wp\/v2\/posts\/452\/revisions"}],"wp:attachment":[{"href":"https:\/\/splegowo.pl\/index.php\/wp-json\/wp\/v2\/media?parent=452"}],"wp:term":[{"taxonomy":"category","embeddable":true,"href":"https:\/\/splegowo.pl\/index.php\/wp-json\/wp\/v2\/categories?post=452"},{"taxonomy":"post_tag","embeddable":true,"href":"https:\/\/splegowo.pl\/index.php\/wp-json\/wp\/v2\/tags?post=452"}],"curies":[{"name":"wp","href":"https:\/\/api.w.org\/{rel}","templated":true}]}}