{"id":353,"date":"2021-02-26T17:21:00","date_gmt":"2021-02-26T16:21:00","guid":{"rendered":"http:\/\/pruszczgdanski.home.pl\/autoinstalator\/wordpressplugins2\/?p=353"},"modified":"2021-07-27T22:59:51","modified_gmt":"2021-07-27T20:59:51","slug":"tydzien-jezyka-polskiego-22-26-02-2021-r","status":"publish","type":"post","link":"https:\/\/splegowo.pl\/index.php\/2021\/02\/26\/tydzien-jezyka-polskiego-22-26-02-2021-r\/","title":{"rendered":"Tydzie\u0144 J\u0119zyka Polskiego &#8211; 22-26.02.2021 r."},"content":{"rendered":"\t\t<div data-elementor-type=\"wp-post\" data-elementor-id=\"353\" class=\"elementor elementor-353\">\n\t\t\t\t\t\t\t\t\t<section class=\"elementor-section elementor-top-section elementor-element elementor-element-6359d22 elementor-section-boxed elementor-section-height-default elementor-section-height-default\" data-id=\"6359d22\" data-element_type=\"section\">\n\t\t\t\t\t\t<div class=\"elementor-container elementor-column-gap-default\">\n\t\t\t\t\t<div class=\"elementor-column elementor-col-100 elementor-top-column elementor-element elementor-element-363ccaf\" data-id=\"363ccaf\" data-element_type=\"column\">\n\t\t\t<div class=\"elementor-widget-wrap elementor-element-populated\">\n\t\t\t\t\t\t\t\t<div class=\"elementor-element elementor-element-f4a0514 elementor-widget elementor-widget-text-editor\" data-id=\"f4a0514\" data-element_type=\"widget\" data-widget_type=\"text-editor.default\">\n\t\t\t\t<div class=\"elementor-widget-container\">\n\t\t\t\t\t\t\t<p>Bardzo serdecznie zapraszamy wszystkich uczni\u00f3w klas IV &#8211; VIII do wzi\u0119cia udzia\u0142u w Tygodniu J\u0119zyka Polskiego (22 &#8211; 26 II 2021 r.).<\/p><p>Cz\u0119\u015b\u0107 z Was pami\u0119ta zesz\u0142oroczn\u0105 rywalizacj\u0119. Walczyli\u015bcie o z\u0142ote, srebrne i br\u0105zowe sz\u00f3stki.\u00a0<\/p><p>W tym roku proponujemy udzia\u0142 w zabawie za po\u015brednictwem Classroom.<\/p><p>Link do konkursu:\u00a0<a href=\"https:\/\/classroom.google.com\/c\/MjY2OTcwOTQzMDM3?cjc=kdln7jk\" target=\"_blank\" rel=\"noopener\"><b>https:\/\/classroom.google.com\/c\/MjY2OTcwOTQzMDM3?cjc=kdln7jk<\/b><\/a><\/p><p>B\u0119dziecie mogli wzi\u0105\u0107 udzia\u0142 we wszystkich lub wybranych zadaniach. Najwytrwalsi otrzymaj\u0105 nagrody g\u0142\u00f3wne, wszyscy za\u015b sz\u00f3stki z j\u0119zyka polskiego. Gor\u0105co zach\u0119camy do udzia\u0142u<\/p>\t\t\t\t\t\t<\/div>\n\t\t\t\t<\/div>\n\t\t\t\t\t<\/div>\n\t\t<\/div>\n\t\t\t\t\t\t\t<\/div>\n\t\t<\/section>\n\t\t\t\t\t\t\t<\/div>\n\t\t","protected":false},"excerpt":{"rendered":"<p>Bardzo serdecznie zapraszamy wszystkich uczni\u00f3w klas IV &#8211; VIII do wzi\u0119cia udzia\u0142u w Tygodniu J\u0119zyka Polskiego (22 &#8211; 26 II &hellip; <\/p>\n","protected":false},"author":4,"featured_media":0,"comment_status":"closed","ping_status":"open","sticky":false,"template":"","format":"standard","meta":[],"categories":[29,1,36],"tags":[],"_links":{"self":[{"href":"https:\/\/splegowo.pl\/index.php\/wp-json\/wp\/v2\/posts\/353"}],"collection":[{"href":"https:\/\/splegowo.pl\/index.php\/wp-json\/wp\/v2\/posts"}],"about":[{"href":"https:\/\/splegowo.pl\/index.php\/wp-json\/wp\/v2\/types\/post"}],"author":[{"embeddable":true,"href":"https:\/\/splegowo.pl\/index.php\/wp-json\/wp\/v2\/users\/4"}],"replies":[{"embeddable":true,"href":"https:\/\/splegowo.pl\/index.php\/wp-json\/wp\/v2\/comments?post=353"}],"version-history":[{"count":0,"href":"https:\/\/splegowo.pl\/index.php\/wp-json\/wp\/v2\/posts\/353\/revisions"}],"wp:attachment":[{"href":"https:\/\/splegowo.pl\/index.php\/wp-json\/wp\/v2\/media?parent=353"}],"wp:term":[{"taxonomy":"category","embeddable":true,"href":"https:\/\/splegowo.pl\/index.php\/wp-json\/wp\/v2\/categories?post=353"},{"taxonomy":"post_tag","embeddable":true,"href":"https:\/\/splegowo.pl\/index.php\/wp-json\/wp\/v2\/tags?post=353"}],"curies":[{"name":"wp","href":"https:\/\/api.w.org\/{rel}","templated":true}]}}