{"id":327,"date":"2021-01-02T16:58:00","date_gmt":"2021-01-02T15:58:00","guid":{"rendered":"http:\/\/pruszczgdanski.home.pl\/autoinstalator\/wordpressplugins2\/?p=327"},"modified":"2021-07-27T23:02:25","modified_gmt":"2021-07-27T21:02:25","slug":"informujemy-ze-poradnia-psychologiczno-pedagogiczna-w-pruszczu-gdanskim-uruchomila-dodatkowy-dyzur-telefoniczny-dla-dzieci-mlodziezy-rodzicow-opiekunow-i-nauczycieli-w-czasie-ferii-zimowych-codzie","status":"publish","type":"post","link":"https:\/\/splegowo.pl\/index.php\/2021\/01\/02\/informujemy-ze-poradnia-psychologiczno-pedagogiczna-w-pruszczu-gdanskim-uruchomila-dodatkowy-dyzur-telefoniczny-dla-dzieci-mlodziezy-rodzicow-opiekunow-i-nauczycieli-w-czasie-ferii-zimowych-codzie\/","title":{"rendered":"Poradnia Psychologiczno-Pedagogiczna w Pruszczu Gda\u0144skim uruchomi\u0142a dodatkowy dy\u017cur telefoniczny dla dzieci"},"content":{"rendered":"\t\t<div data-elementor-type=\"wp-post\" data-elementor-id=\"327\" class=\"elementor elementor-327\">\n\t\t\t\t\t\t\t\t\t<section class=\"elementor-section elementor-top-section elementor-element elementor-element-333f779 elementor-section-boxed elementor-section-height-default elementor-section-height-default\" data-id=\"333f779\" data-element_type=\"section\">\n\t\t\t\t\t\t<div class=\"elementor-container elementor-column-gap-default\">\n\t\t\t\t\t<div class=\"elementor-column elementor-col-100 elementor-top-column elementor-element elementor-element-024d6b2\" data-id=\"024d6b2\" data-element_type=\"column\">\n\t\t\t<div class=\"elementor-widget-wrap elementor-element-populated\">\n\t\t\t\t\t\t\t\t<div class=\"elementor-element elementor-element-04d4906 elementor-widget elementor-widget-text-editor\" data-id=\"04d4906\" data-element_type=\"widget\" data-widget_type=\"text-editor.default\">\n\t\t\t\t<div class=\"elementor-widget-container\">\n\t\t\t\t\t\t\t<p><b>Informujemy, \u017ce Poradnia Psychologiczno-Pedagogiczna w Pruszczu Gda\u0144skim uruchomi\u0142a dodatkowy dy\u017cur telefoniczny dla dzieci, m\u0142odzie\u017cy, rodzic\u00f3w\/opiekun\u00f3w i nauczycieli w czasie ferii zimowych. Codziennie w okresie ferii, tj. w dniach od 04.01.2021 r. do 15.01.2021 r., od poniedzia\u0142ku do pi\u0105tku w godzinach 9.00-11.00 udzielane s\u0105 telefoniczne porady, konsultacje, rozmowy wspieraj\u0105ce oraz interwencyjne dla dzieci, m\u0142odzie\u017cy, rodzic\u00f3w\/opiekun\u00f3w oraz nauczycieli. Zach\u0119camy uczni\u00f3w, rodzic\u00f3w oraz nauczycieli do skorzystania z pomocy i wsparcia psychologiczno-pedagogicznego udzielanego pod numerem tel. 530\u00a0600\u00a0990.<\/b><\/p>\t\t\t\t\t\t<\/div>\n\t\t\t\t<\/div>\n\t\t\t\t\t<\/div>\n\t\t<\/div>\n\t\t\t\t\t\t\t<\/div>\n\t\t<\/section>\n\t\t\t\t\t\t\t<\/div>\n\t\t","protected":false},"excerpt":{"rendered":"<p>Informujemy, \u017ce Poradnia Psychologiczno-Pedagogiczna w Pruszczu Gda\u0144skim uruchomi\u0142a dodatkowy dy\u017cur telefoniczny dla dzieci, m\u0142odzie\u017cy, rodzic\u00f3w\/opiekun\u00f3w i nauczycieli w czasie ferii &hellip; <\/p>\n","protected":false},"author":4,"featured_media":0,"comment_status":"closed","ping_status":"open","sticky":false,"template":"","format":"standard","meta":[],"categories":[29,1,36],"tags":[],"_links":{"self":[{"href":"https:\/\/splegowo.pl\/index.php\/wp-json\/wp\/v2\/posts\/327"}],"collection":[{"href":"https:\/\/splegowo.pl\/index.php\/wp-json\/wp\/v2\/posts"}],"about":[{"href":"https:\/\/splegowo.pl\/index.php\/wp-json\/wp\/v2\/types\/post"}],"author":[{"embeddable":true,"href":"https:\/\/splegowo.pl\/index.php\/wp-json\/wp\/v2\/users\/4"}],"replies":[{"embeddable":true,"href":"https:\/\/splegowo.pl\/index.php\/wp-json\/wp\/v2\/comments?post=327"}],"version-history":[{"count":0,"href":"https:\/\/splegowo.pl\/index.php\/wp-json\/wp\/v2\/posts\/327\/revisions"}],"wp:attachment":[{"href":"https:\/\/splegowo.pl\/index.php\/wp-json\/wp\/v2\/media?parent=327"}],"wp:term":[{"taxonomy":"category","embeddable":true,"href":"https:\/\/splegowo.pl\/index.php\/wp-json\/wp\/v2\/categories?post=327"},{"taxonomy":"post_tag","embeddable":true,"href":"https:\/\/splegowo.pl\/index.php\/wp-json\/wp\/v2\/tags?post=327"}],"curies":[{"name":"wp","href":"https:\/\/api.w.org\/{rel}","templated":true}]}}