{"id":26843,"date":"2026-04-02T14:19:53","date_gmt":"2026-04-02T12:19:53","guid":{"rendered":"https:\/\/splegowo.pl\/?p=26843"},"modified":"2026-04-02T14:19:53","modified_gmt":"2026-04-02T12:19:53","slug":"sukcesy-w-biegach-przelajowych","status":"publish","type":"post","link":"https:\/\/splegowo.pl\/index.php\/2026\/04\/02\/sukcesy-w-biegach-przelajowych\/","title":{"rendered":"Sukcesy w biegach prze\u0142ajowych"},"content":{"rendered":"\n<p>31 marca 2026 r. w Szkole Podstawowej w Rotmance odby\u0142y si\u0119 zawody w biegach prze\u0142ajowych, w kt\u00f3rych udzia\u0142 wzi\u0119li nasi uczniowie. Rywalizacja przebiega\u0142a w sportowej atmosferze, a uczestnicy wykazali si\u0119 du\u017cym zaanga\u017cowaniem i wol\u0105 walki.<\/p>\n\n\n\n<p>Na szczeg\u00f3lne wyr\u00f3\u017cnienie zas\u0142uguj\u0105 uczniowie, kt\u00f3rzy wywalczyli awans na zawody powiatowe:<\/p>\n\n\n\n<ul>\n<li>\u0141ucja Liberacka \u2013 II miejsce (Igrzyska Dzieci)<\/li>\n\n\n\n<li>Nikodem Sob\u00f3l \u2013 I miejsce (Igrzyska M\u0142odzie\u017cy)<\/li>\n\n\n\n<li>Bartosz Chojecki \u2013 III miejsce (Igrzyska M\u0142odzie\u017cy)<\/li>\n<\/ul>\n\n\n\n<p>Sukces odnios\u0142a r\u00f3wnie\u017c dru\u017cyna ch\u0142opc\u00f3w w sk\u0142adzie: Dawid Polkowski, Konrad K\u0142osowski, Vincent Nawrocki, Wojciech Suchcicki, Jakub \u0141awrynowicz, zajmuj\u0105c II miejsce w kategorii dru\u017cynowej Igrzysk Dzieci.<\/p>\n\n\n\n<p>Gratulujemy wszystkim zawodnikom i \u017cyczymy powodzenia na kolejnym etapie!<\/p>\n\n\n\n<figure class=\"wp-block-gallery has-nested-images columns-default is-cropped wp-block-gallery-1 is-layout-flex\">\n<figure class=\"wp-block-image size-large\"><img decoding=\"async\" loading=\"lazy\" width=\"1024\" height=\"768\" data-id=\"26844\"  src=\"https:\/\/splegowo.pl\/wp-content\/uploads\/2026\/04\/2161f4f6-659c-436f-8e98-c8939f265af5-1024x768.jpg\" alt=\"\" class=\"wp-image-26844\" srcset=\"https:\/\/splegowo.pl\/wp-content\/uploads\/2026\/04\/2161f4f6-659c-436f-8e98-c8939f265af5-1024x768.jpg 1024w, https:\/\/splegowo.pl\/wp-content\/uploads\/2026\/04\/2161f4f6-659c-436f-8e98-c8939f265af5-300x225.jpg 300w, https:\/\/splegowo.pl\/wp-content\/uploads\/2026\/04\/2161f4f6-659c-436f-8e98-c8939f265af5-768x576.jpg 768w, https:\/\/splegowo.pl\/wp-content\/uploads\/2026\/04\/2161f4f6-659c-436f-8e98-c8939f265af5.jpg 1536w\" sizes=\"(max-width: 1024px) 100vw, 1024px\" \/><\/figure>\n\n\n\n<figure class=\"wp-block-image size-large\"><img decoding=\"async\" loading=\"lazy\" width=\"1024\" height=\"768\" data-id=\"26845\"  src=\"https:\/\/splegowo.pl\/wp-content\/uploads\/2026\/04\/ce22dd57-2da6-4b75-83e0-384f85432501-1024x768.jpg\" alt=\"\" class=\"wp-image-26845\" srcset=\"https:\/\/splegowo.pl\/wp-content\/uploads\/2026\/04\/ce22dd57-2da6-4b75-83e0-384f85432501-1024x768.jpg 1024w, https:\/\/splegowo.pl\/wp-content\/uploads\/2026\/04\/ce22dd57-2da6-4b75-83e0-384f85432501-300x225.jpg 300w, https:\/\/splegowo.pl\/wp-content\/uploads\/2026\/04\/ce22dd57-2da6-4b75-83e0-384f85432501-768x576.jpg 768w, https:\/\/splegowo.pl\/wp-content\/uploads\/2026\/04\/ce22dd57-2da6-4b75-83e0-384f85432501.jpg 1536w\" sizes=\"(max-width: 1024px) 100vw, 1024px\" \/><\/figure>\n\n\n\n<figure class=\"wp-block-image size-large\"><img decoding=\"async\" loading=\"lazy\" width=\"1024\" height=\"768\" data-id=\"26846\"  src=\"https:\/\/splegowo.pl\/wp-content\/uploads\/2026\/04\/dbbeedb5-2b6a-4dab-b783-966fee1d7859-1024x768.jpg\" alt=\"\" class=\"wp-image-26846\" srcset=\"https:\/\/splegowo.pl\/wp-content\/uploads\/2026\/04\/dbbeedb5-2b6a-4dab-b783-966fee1d7859-1024x768.jpg 1024w, https:\/\/splegowo.pl\/wp-content\/uploads\/2026\/04\/dbbeedb5-2b6a-4dab-b783-966fee1d7859-300x225.jpg 300w, https:\/\/splegowo.pl\/wp-content\/uploads\/2026\/04\/dbbeedb5-2b6a-4dab-b783-966fee1d7859-768x576.jpg 768w, https:\/\/splegowo.pl\/wp-content\/uploads\/2026\/04\/dbbeedb5-2b6a-4dab-b783-966fee1d7859.jpg 1536w\" sizes=\"(max-width: 1024px) 100vw, 1024px\" \/><\/figure>\n<\/figure>\n","protected":false},"excerpt":{"rendered":"<p>31 marca 2026 r. w Szkole Podstawowej w Rotmance odby\u0142y si\u0119 zawody w biegach prze\u0142ajowych, w kt\u00f3rych udzia\u0142 wzi\u0119li nasi &hellip; <\/p>\n","protected":false},"author":8,"featured_media":26847,"comment_status":"closed","ping_status":"open","sticky":false,"template":"","format":"standard","meta":[],"categories":[1],"tags":[],"_links":{"self":[{"href":"https:\/\/splegowo.pl\/index.php\/wp-json\/wp\/v2\/posts\/26843"}],"collection":[{"href":"https:\/\/splegowo.pl\/index.php\/wp-json\/wp\/v2\/posts"}],"about":[{"href":"https:\/\/splegowo.pl\/index.php\/wp-json\/wp\/v2\/types\/post"}],"author":[{"embeddable":true,"href":"https:\/\/splegowo.pl\/index.php\/wp-json\/wp\/v2\/users\/8"}],"replies":[{"embeddable":true,"href":"https:\/\/splegowo.pl\/index.php\/wp-json\/wp\/v2\/comments?post=26843"}],"version-history":[{"count":1,"href":"https:\/\/splegowo.pl\/index.php\/wp-json\/wp\/v2\/posts\/26843\/revisions"}],"predecessor-version":[{"id":26848,"href":"https:\/\/splegowo.pl\/index.php\/wp-json\/wp\/v2\/posts\/26843\/revisions\/26848"}],"wp:featuredmedia":[{"embeddable":true,"href":"https:\/\/splegowo.pl\/index.php\/wp-json\/wp\/v2\/media\/26847"}],"wp:attachment":[{"href":"https:\/\/splegowo.pl\/index.php\/wp-json\/wp\/v2\/media?parent=26843"}],"wp:term":[{"taxonomy":"category","embeddable":true,"href":"https:\/\/splegowo.pl\/index.php\/wp-json\/wp\/v2\/categories?post=26843"},{"taxonomy":"post_tag","embeddable":true,"href":"https:\/\/splegowo.pl\/index.php\/wp-json\/wp\/v2\/tags?post=26843"}],"curies":[{"name":"wp","href":"https:\/\/api.w.org\/{rel}","templated":true}]}}