{"id":26838,"date":"2026-04-02T13:52:26","date_gmt":"2026-04-02T11:52:26","guid":{"rendered":"https:\/\/splegowo.pl\/?p=26838"},"modified":"2026-04-02T13:52:26","modified_gmt":"2026-04-02T11:52:26","slug":"rozstrzygniecie-konkursu-najpiekniejszy-koszyczek-wielkanocny","status":"publish","type":"post","link":"https:\/\/splegowo.pl\/index.php\/2026\/04\/02\/rozstrzygniecie-konkursu-najpiekniejszy-koszyczek-wielkanocny\/","title":{"rendered":"Rozstrzygni\u0119cie konkursu \u201eNajpi\u0119kniejszy Koszyczek Wielkanocny\u201d"},"content":{"rendered":"\n<p>Z rado\u015bci\u0105 informujemy o rozstrzygni\u0119ciu konkursu \u201eNajpi\u0119kniejszy Koszyczek Wielkanocny\u201d, zorganizowanego przez pani\u0105 Agnieszk\u0119 \u2013 wychowawc\u0119 oddzia\u0142u przedszkolnego. Wszystkie prace by\u0142y niezwykle pomys\u0142owe i starannie wykonane.<\/p>\n\n\n\n<hr class=\"wp-block-separator has-alpha-channel-opacity\"\/>\n\n\n\n<h3 class=\"wp-block-heading\">&nbsp;<strong>Wyniki:<\/strong><\/h3>\n\n\n\n<p><strong>Oddzia\u0142y 0\u20131:<\/strong><br> I Miejsce: Ewa Szwakiel (0B) \u2013 bon o warto\u015bci 200 z\u0142<br>II Miejsce: Marcel Jost (0B) \u2013 bon o warto\u015bci 150 z\u0142<br>III Miejsce:Jan Stroi\u0144ski (0B) \u2013 bon o warto\u015bci 100 z\u0142<\/p>\n\n\n\n<p><strong>Klasy 2\u20133:<\/strong><br>I Miejsce: Klaudia Mielaniuk (3B) \u2013 bon o warto\u015bci 200 z\u0142<br>II Miejsce: Wiktoria Brzezi\u0144ska (2C) \u2013 bon o warto\u015bci 150 z\u0142<br>III Miejsce: Weronika Kulwikowska (2A) \u2013 bon o warto\u015bci 100 z\u0142<\/p>\n\n\n\n<hr class=\"wp-block-separator has-alpha-channel-opacity\"\/>\n\n\n\n<h3 class=\"wp-block-heading\"><strong>Wyr\u00f3\u017cnienia:<\/strong><\/h3>\n\n\n\n<p>Kinga Kopczyk, Nina Kulwikowska, Marcelina Jeli\u0144ska, Kinga Berg<\/p>\n\n\n\n<p>Ka\u017cdy uczestnik otrzyma\u0142 s\u0142odki upominek, a wyr\u00f3\u017cnieni dodatkowo bony do Empiku o warto\u015bci 50 z\u0142.<\/p>\n\n\n\n<p>Serdeczne podzi\u0119kowania dla sponsor\u00f3w nagr\u00f3d \u2013 Pani Eweliny i \u0141ukasza Nizygorockich, w\u0142a\u015bcicieli firmy transportowej GORITRANS.<\/p>\n\n\n\n<p>Gratulujemy wszystkim uczestnikom!<\/p>\n\n\n\n<figure class=\"wp-block-image size-large\"><img decoding=\"async\" loading=\"lazy\" width=\"1024\" height=\"768\" src=\"https:\/\/splegowo.pl\/wp-content\/uploads\/2026\/04\/IMG_7119-1024x768.jpeg\" alt=\"\" class=\"wp-image-26839\" srcset=\"https:\/\/splegowo.pl\/wp-content\/uploads\/2026\/04\/IMG_7119-1024x768.jpeg 1024w, https:\/\/splegowo.pl\/wp-content\/uploads\/2026\/04\/IMG_7119-300x225.jpeg 300w, https:\/\/splegowo.pl\/wp-content\/uploads\/2026\/04\/IMG_7119-768x576.jpeg 768w, https:\/\/splegowo.pl\/wp-content\/uploads\/2026\/04\/IMG_7119-1536x1152.jpeg 1536w, https:\/\/splegowo.pl\/wp-content\/uploads\/2026\/04\/IMG_7119.jpeg 2048w\" sizes=\"(max-width: 1024px) 100vw, 1024px\" \/><\/figure>\n","protected":false},"excerpt":{"rendered":"<p>Z rado\u015bci\u0105 informujemy o rozstrzygni\u0119ciu konkursu \u201eNajpi\u0119kniejszy Koszyczek Wielkanocny\u201d, zorganizowanego przez pani\u0105 Agnieszk\u0119 \u2013 wychowawc\u0119 oddzia\u0142u przedszkolnego. Wszystkie prace by\u0142y &hellip; <\/p>\n","protected":false},"author":8,"featured_media":26841,"comment_status":"closed","ping_status":"open","sticky":false,"template":"","format":"standard","meta":[],"categories":[34],"tags":[],"_links":{"self":[{"href":"https:\/\/splegowo.pl\/index.php\/wp-json\/wp\/v2\/posts\/26838"}],"collection":[{"href":"https:\/\/splegowo.pl\/index.php\/wp-json\/wp\/v2\/posts"}],"about":[{"href":"https:\/\/splegowo.pl\/index.php\/wp-json\/wp\/v2\/types\/post"}],"author":[{"embeddable":true,"href":"https:\/\/splegowo.pl\/index.php\/wp-json\/wp\/v2\/users\/8"}],"replies":[{"embeddable":true,"href":"https:\/\/splegowo.pl\/index.php\/wp-json\/wp\/v2\/comments?post=26838"}],"version-history":[{"count":2,"href":"https:\/\/splegowo.pl\/index.php\/wp-json\/wp\/v2\/posts\/26838\/revisions"}],"predecessor-version":[{"id":26842,"href":"https:\/\/splegowo.pl\/index.php\/wp-json\/wp\/v2\/posts\/26838\/revisions\/26842"}],"wp:featuredmedia":[{"embeddable":true,"href":"https:\/\/splegowo.pl\/index.php\/wp-json\/wp\/v2\/media\/26841"}],"wp:attachment":[{"href":"https:\/\/splegowo.pl\/index.php\/wp-json\/wp\/v2\/media?parent=26838"}],"wp:term":[{"taxonomy":"category","embeddable":true,"href":"https:\/\/splegowo.pl\/index.php\/wp-json\/wp\/v2\/categories?post=26838"},{"taxonomy":"post_tag","embeddable":true,"href":"https:\/\/splegowo.pl\/index.php\/wp-json\/wp\/v2\/tags?post=26838"}],"curies":[{"name":"wp","href":"https:\/\/api.w.org\/{rel}","templated":true}]}}