{"id":26801,"date":"2026-03-12T21:42:16","date_gmt":"2026-03-12T20:42:16","guid":{"rendered":"https:\/\/splegowo.pl\/?p=26801"},"modified":"2026-03-12T21:43:59","modified_gmt":"2026-03-12T20:43:59","slug":"lena-masternak-i-miejsce-w-gminnym-konkursie-recytatorskim","status":"publish","type":"post","link":"https:\/\/splegowo.pl\/index.php\/2026\/03\/12\/lena-masternak-i-miejsce-w-gminnym-konkursie-recytatorskim\/","title":{"rendered":"Lena Masternak \u2013 I miejsce w Gminnym Konkursie Recytatorskim"},"content":{"rendered":"\n<p>Z przyjemno\u015bci\u0105 informujemy, \u017ce\u00a0Lena Masternak, uczennica klasy VII, zdoby\u0142a\u00a0I miejsce w kategorii klas VII\u00a0w\u00a0XXVIII Gminnym Konkursie Recytatorsk<strong>im<\/strong>, kt\u00f3ry odby\u0142 si\u0119 12 marca 2026 r. w Wi\u015blince.<\/p>\n\n\n\n<p>Serdecznie gratulujemy Lenie wspania\u0142ego wyst\u0119pu oraz \u017cyczymy dalszych sukces\u00f3w i rozwijania talentu recytatorskiego.<\/p>\n\n\n\n<figure class=\"wp-block-gallery has-nested-images columns-default is-cropped wp-block-gallery-1 is-layout-flex\">\n<figure class=\"wp-block-image size-large\"><img decoding=\"async\" loading=\"lazy\" width=\"768\" height=\"1024\" data-id=\"26803\"  src=\"https:\/\/splegowo.pl\/wp-content\/uploads\/2026\/03\/06c2aaa7-bc39-4bfd-9e6c-261f54a1f7f5-2-768x1024.jpg\" alt=\"\" class=\"wp-image-26803\" srcset=\"https:\/\/splegowo.pl\/wp-content\/uploads\/2026\/03\/06c2aaa7-bc39-4bfd-9e6c-261f54a1f7f5-2-768x1024.jpg 768w, https:\/\/splegowo.pl\/wp-content\/uploads\/2026\/03\/06c2aaa7-bc39-4bfd-9e6c-261f54a1f7f5-2-225x300.jpg 225w, https:\/\/splegowo.pl\/wp-content\/uploads\/2026\/03\/06c2aaa7-bc39-4bfd-9e6c-261f54a1f7f5-2-1152x1536.jpg 1152w, https:\/\/splegowo.pl\/wp-content\/uploads\/2026\/03\/06c2aaa7-bc39-4bfd-9e6c-261f54a1f7f5-2.jpg 1500w\" sizes=\"(max-width: 768px) 100vw, 768px\" \/><\/figure>\n<\/figure>\n","protected":false},"excerpt":{"rendered":"<p>Z przyjemno\u015bci\u0105 informujemy, \u017ce\u00a0Lena Masternak, uczennica klasy VII, zdoby\u0142a\u00a0I miejsce w kategorii klas VII\u00a0w\u00a0XXVIII Gminnym Konkursie Recytatorskim, kt\u00f3ry odby\u0142 si\u0119 &hellip; <\/p>\n","protected":false},"author":8,"featured_media":26802,"comment_status":"closed","ping_status":"open","sticky":false,"template":"","format":"standard","meta":[],"categories":[62],"tags":[],"_links":{"self":[{"href":"https:\/\/splegowo.pl\/index.php\/wp-json\/wp\/v2\/posts\/26801"}],"collection":[{"href":"https:\/\/splegowo.pl\/index.php\/wp-json\/wp\/v2\/posts"}],"about":[{"href":"https:\/\/splegowo.pl\/index.php\/wp-json\/wp\/v2\/types\/post"}],"author":[{"embeddable":true,"href":"https:\/\/splegowo.pl\/index.php\/wp-json\/wp\/v2\/users\/8"}],"replies":[{"embeddable":true,"href":"https:\/\/splegowo.pl\/index.php\/wp-json\/wp\/v2\/comments?post=26801"}],"version-history":[{"count":3,"href":"https:\/\/splegowo.pl\/index.php\/wp-json\/wp\/v2\/posts\/26801\/revisions"}],"predecessor-version":[{"id":26806,"href":"https:\/\/splegowo.pl\/index.php\/wp-json\/wp\/v2\/posts\/26801\/revisions\/26806"}],"wp:featuredmedia":[{"embeddable":true,"href":"https:\/\/splegowo.pl\/index.php\/wp-json\/wp\/v2\/media\/26802"}],"wp:attachment":[{"href":"https:\/\/splegowo.pl\/index.php\/wp-json\/wp\/v2\/media?parent=26801"}],"wp:term":[{"taxonomy":"category","embeddable":true,"href":"https:\/\/splegowo.pl\/index.php\/wp-json\/wp\/v2\/categories?post=26801"},{"taxonomy":"post_tag","embeddable":true,"href":"https:\/\/splegowo.pl\/index.php\/wp-json\/wp\/v2\/tags?post=26801"}],"curies":[{"name":"wp","href":"https:\/\/api.w.org\/{rel}","templated":true}]}}