{"id":26738,"date":"2026-02-23T21:44:59","date_gmt":"2026-02-23T20:44:59","guid":{"rendered":"https:\/\/splegowo.pl\/?p=26738"},"modified":"2026-02-23T21:44:59","modified_gmt":"2026-02-23T20:44:59","slug":"miedzynarodowy-dzien-walki-z-depresja","status":"publish","type":"post","link":"https:\/\/splegowo.pl\/index.php\/2026\/02\/23\/miedzynarodowy-dzien-walki-z-depresja\/","title":{"rendered":"Mi\u0119dzynarodowy Dzie\u0144 Walki z Depresj\u0105"},"content":{"rendered":"\n<p>Mi\u0119dzynarodowy Dzie\u0144 Walki z Depresj\u0105 obchodzony jest 23 lutego. Jego celem jest zwi\u0119kszanie \u015bwiadomo\u015bci na temat depresji jako powa\u017cnej choroby psychicznej, walka ze stygmatyzacj\u0105 os\u00f3b choruj\u0105cych oraz promowanie dost\u0119pu do profesjonalnej pomocy.<\/p>\n\n\n\n<p>Depresja to jedno z najcz\u0119\u015bciej wyst\u0119puj\u0105cych zaburze\u0144 psychicznych na \u015bwiecie. Wed\u0142ug danych&nbsp;World Health Organization&nbsp;(WHO) dotyka setek milion\u00f3w ludzi, niezale\u017cnie od wieku, p\u0142ci czy statusu spo\u0142ecznego. Objawia si\u0119 m.in. d\u0142ugotrwa\u0142ym obni\u017ceniem nastroju, utrat\u0105 zainteresowa\u0144, brakiem energii, problemami ze snem i koncentracj\u0105, a w ci\u0119\u017ckich przypadkach tak\u017ce my\u015blami samob\u00f3jczymi.<\/p>\n\n\n\n<p>Mi\u0119dzynarodowy Dzie\u0144 Depresji ma przypomina\u0107, \u017ce depresja jest chorob\u0105, kt\u00f3r\u0105 mo\u017cna i nale\u017cy leczy\u0107, a szukanie pomocy jest oznak\u0105 troski o siebie, a nie s\u0142abo\u015bci. To r\u00f3wnie\u017c okazja do rozmowy o zdrowiu psychicznym oraz wsparcia os\u00f3b, kt\u00f3re zmagaj\u0105 si\u0119 z tym zaburzeniem.<\/p>\n\n\n\n<div class=\"wp-block-buttons has-custom-font-size has-small-font-size is-content-justification-center is-layout-flex wp-container-1\" style=\"text-transform:uppercase\">\n<div class=\"wp-block-button has-custom-width wp-block-button__width-25 is-style-outline\"><a class=\"wp-block-button__link wp-element-button\" href=\"https:\/\/www.youtube.com\/watch?v=7FG-M4HAZsY\" target=\"_blank\" rel=\"noreferrer noopener\">link do filmu<\/a><\/div>\n<\/div>\n","protected":false},"excerpt":{"rendered":"<p>Mi\u0119dzynarodowy Dzie\u0144 Walki z Depresj\u0105 obchodzony jest 23 lutego. Jego celem jest zwi\u0119kszanie \u015bwiadomo\u015bci na temat depresji jako powa\u017cnej choroby &hellip; <\/p>\n","protected":false},"author":8,"featured_media":0,"comment_status":"closed","ping_status":"open","sticky":false,"template":"","format":"standard","meta":[],"categories":[1,60],"tags":[],"_links":{"self":[{"href":"https:\/\/splegowo.pl\/index.php\/wp-json\/wp\/v2\/posts\/26738"}],"collection":[{"href":"https:\/\/splegowo.pl\/index.php\/wp-json\/wp\/v2\/posts"}],"about":[{"href":"https:\/\/splegowo.pl\/index.php\/wp-json\/wp\/v2\/types\/post"}],"author":[{"embeddable":true,"href":"https:\/\/splegowo.pl\/index.php\/wp-json\/wp\/v2\/users\/8"}],"replies":[{"embeddable":true,"href":"https:\/\/splegowo.pl\/index.php\/wp-json\/wp\/v2\/comments?post=26738"}],"version-history":[{"count":3,"href":"https:\/\/splegowo.pl\/index.php\/wp-json\/wp\/v2\/posts\/26738\/revisions"}],"predecessor-version":[{"id":26742,"href":"https:\/\/splegowo.pl\/index.php\/wp-json\/wp\/v2\/posts\/26738\/revisions\/26742"}],"wp:attachment":[{"href":"https:\/\/splegowo.pl\/index.php\/wp-json\/wp\/v2\/media?parent=26738"}],"wp:term":[{"taxonomy":"category","embeddable":true,"href":"https:\/\/splegowo.pl\/index.php\/wp-json\/wp\/v2\/categories?post=26738"},{"taxonomy":"post_tag","embeddable":true,"href":"https:\/\/splegowo.pl\/index.php\/wp-json\/wp\/v2\/tags?post=26738"}],"curies":[{"name":"wp","href":"https:\/\/api.w.org\/{rel}","templated":true}]}}