{"id":26725,"date":"2026-02-16T13:34:48","date_gmt":"2026-02-16T12:34:48","guid":{"rendered":"https:\/\/splegowo.pl\/?p=26725"},"modified":"2026-02-16T13:42:29","modified_gmt":"2026-02-16T12:42:29","slug":"rekrutacja-2","status":"publish","type":"post","link":"https:\/\/splegowo.pl\/index.php\/2026\/02\/16\/rekrutacja-2\/","title":{"rendered":"REKRUTACJA"},"content":{"rendered":"\t\t<div data-elementor-type=\"wp-post\" data-elementor-id=\"26725\" class=\"elementor elementor-26725\">\n\t\t\t\t\t\t\t\t\t<section class=\"elementor-section elementor-top-section elementor-element elementor-element-48db54e elementor-section-boxed elementor-section-height-default elementor-section-height-default\" data-id=\"48db54e\" data-element_type=\"section\">\n\t\t\t\t\t\t<div class=\"elementor-container elementor-column-gap-default\">\n\t\t\t\t\t<div class=\"elementor-column elementor-col-100 elementor-top-column elementor-element elementor-element-54888c9\" data-id=\"54888c9\" data-element_type=\"column\">\n\t\t\t<div class=\"elementor-widget-wrap elementor-element-populated\">\n\t\t\t\t\t\t\t\t<div class=\"elementor-element elementor-element-dbf5948 elementor-widget elementor-widget-text-editor\" data-id=\"dbf5948\" data-element_type=\"widget\" data-widget_type=\"text-editor.default\">\n\t\t\t\t<div class=\"elementor-widget-container\">\n\t\t\t\t\t\t\t<p align=\"center\" style=\"text-align:center\"><span style=\"font-size:36.0pt;line-height:107%;color:red\"><br><\/span><\/p><p align=\"center\" style=\"text-align:center\"><span style=\"font-size:36.0pt;line-height:107%;color:red\">&#8211; &#8211; &#8211; UWAGA &#8211; &#8211; &#8211;<\/span><\/p><p align=\"center\" style=\"text-align:center\"><span style=\"font-size:20.0pt;line-height:107%\"><br><\/span><\/p><p align=\"center\" style=\"text-align:center\"><span style=\"font-size:20.0pt;line-height:107%\">Przypominamy o trwaj\u0105cej rekrutacji do oddzia\u0142u\nzerowego <br>\nna przysz\u0142y rok szkolny.<o:p><\/o:p><\/span><\/p><p align=\"center\" style=\"text-align:center\"><b><span style=\"font-size:24.0pt;line-height:107%;color:#2E75B6;mso-themecolor:accent5;\nmso-themeshade:191;mso-style-textfill-fill-color:#2E75B6;mso-style-textfill-fill-themecolor:\naccent5;mso-style-textfill-fill-alpha:100.0%;mso-style-textfill-fill-colortransforms:\nlumm=75000\"><br><\/span><\/b><\/p><p align=\"center\" style=\"text-align:center\"><b><span style=\"font-size:24.0pt;line-height:107%;color:#2E75B6;mso-themecolor:accent5;\nmso-themeshade:191;mso-style-textfill-fill-color:#2E75B6;mso-style-textfill-fill-themecolor:\naccent5;mso-style-textfill-fill-alpha:100.0%;mso-style-textfill-fill-colortransforms:\nlumm=75000\">Zapisy do 20.02.2026<o:p><\/o:p><\/span><\/b><\/p><p>\n\n\n\n\n\n<\/p><p align=\"center\" style=\"text-align:center\"><b><span style=\"font-size:14.0pt;line-height:107%\"><br><\/span><\/b><\/p><p align=\"center\" style=\"text-align:center\"><b><span style=\"font-size:14.0pt;line-height:107%\">Szczeg\u00f3\u0142y na stronie: <a href=\"https:\/\/splegowo.pl\/index.php\/rekrutacja-2\/\"><span style=\"color:windowtext\">https:\/\/splegowo.pl\/index.php\/rekrutacja-2\/<\/span><\/a><o:p><\/o:p><\/span><\/b><\/p><p align=\"center\" style=\"text-align:center\"><b><br><\/b><\/p>\t\t\t\t\t\t<\/div>\n\t\t\t\t<\/div>\n\t\t\t\t\t<\/div>\n\t\t<\/div>\n\t\t\t\t\t\t\t<\/div>\n\t\t<\/section>\n\t\t\t\t\t\t\t<\/div>\n\t\t","protected":false},"excerpt":{"rendered":"<p>&#8211; &#8211; &#8211; UWAGA &#8211; &#8211; &#8211; Przypominamy o trwaj\u0105cej rekrutacji do oddzia\u0142u zerowego na przysz\u0142y rok szkolny. Zapisy do &hellip; <\/p>\n","protected":false},"author":1,"featured_media":26731,"comment_status":"closed","ping_status":"open","sticky":false,"template":"","format":"standard","meta":[],"categories":[62],"tags":[],"_links":{"self":[{"href":"https:\/\/splegowo.pl\/index.php\/wp-json\/wp\/v2\/posts\/26725"}],"collection":[{"href":"https:\/\/splegowo.pl\/index.php\/wp-json\/wp\/v2\/posts"}],"about":[{"href":"https:\/\/splegowo.pl\/index.php\/wp-json\/wp\/v2\/types\/post"}],"author":[{"embeddable":true,"href":"https:\/\/splegowo.pl\/index.php\/wp-json\/wp\/v2\/users\/1"}],"replies":[{"embeddable":true,"href":"https:\/\/splegowo.pl\/index.php\/wp-json\/wp\/v2\/comments?post=26725"}],"version-history":[{"count":5,"href":"https:\/\/splegowo.pl\/index.php\/wp-json\/wp\/v2\/posts\/26725\/revisions"}],"predecessor-version":[{"id":26730,"href":"https:\/\/splegowo.pl\/index.php\/wp-json\/wp\/v2\/posts\/26725\/revisions\/26730"}],"wp:featuredmedia":[{"embeddable":true,"href":"https:\/\/splegowo.pl\/index.php\/wp-json\/wp\/v2\/media\/26731"}],"wp:attachment":[{"href":"https:\/\/splegowo.pl\/index.php\/wp-json\/wp\/v2\/media?parent=26725"}],"wp:term":[{"taxonomy":"category","embeddable":true,"href":"https:\/\/splegowo.pl\/index.php\/wp-json\/wp\/v2\/categories?post=26725"},{"taxonomy":"post_tag","embeddable":true,"href":"https:\/\/splegowo.pl\/index.php\/wp-json\/wp\/v2\/tags?post=26725"}],"curies":[{"name":"wp","href":"https:\/\/api.w.org\/{rel}","templated":true}]}}