{"id":26630,"date":"2025-12-18T11:56:08","date_gmt":"2025-12-18T10:56:08","guid":{"rendered":"https:\/\/splegowo.pl\/?p=26630"},"modified":"2025-12-18T11:56:08","modified_gmt":"2025-12-18T10:56:08","slug":"podziekowanie-od-fundacji-solidarni-dzieciom-i-seniorom","status":"publish","type":"post","link":"https:\/\/splegowo.pl\/index.php\/2025\/12\/18\/podziekowanie-od-fundacji-solidarni-dzieciom-i-seniorom\/","title":{"rendered":"Podzi\u0119kowanie od Fundacji \u201eSolidarni Dzieciom i Seniorom\u201d"},"content":{"rendered":"\n<p>Szko\u0142a Podstawowa im. Bohater\u00f3w Grudnia \u201970 w \u0141\u0119gowie otrzyma\u0142a podzi\u0119kowanie od Zarz\u0105du Fundacji \u201eSolidarni Dzieciom i Seniorom\u201d za zaproszenie na uroczysto\u015b\u0107 zwi\u0105zan\u0105 z 55. rocznic\u0105 zbrodni grudniowej.<\/p>\n\n\n\n<p>Fundacja wyrazi\u0142a uznanie dla ca\u0142ej spo\u0142eczno\u015bci szkolnej, podkre\u015blaj\u0105c znaczenie Patrona Szko\u0142y oraz zaanga\u017cowanie Dyrekcji, Grona Pedagogicznego i Uczni\u00f3w w piel\u0119gnowanie pami\u0119ci historycznej oraz warto\u015bci patriotycznych.<\/p>\n\n\n\n<p>Dzi\u0119kujemy za skierowane do nas s\u0142owa uznania i wsparcia.<\/p>\n\n\n\n<p><\/p>\n\n\n\n<figure class=\"wp-block-image size-full\"><img decoding=\"async\" loading=\"lazy\" width=\"463\" height=\"640\" src=\"https:\/\/splegowo.pl\/wp-content\/uploads\/2025\/12\/IMG_8338-2-Sredni-3.jpeg\" alt=\"\" class=\"wp-image-26631\" srcset=\"https:\/\/splegowo.pl\/wp-content\/uploads\/2025\/12\/IMG_8338-2-Sredni-3.jpeg 463w, https:\/\/splegowo.pl\/wp-content\/uploads\/2025\/12\/IMG_8338-2-Sredni-3-217x300.jpeg 217w\" sizes=\"(max-width: 463px) 100vw, 463px\" \/><\/figure>\n","protected":false},"excerpt":{"rendered":"<p>Szko\u0142a Podstawowa im. Bohater\u00f3w Grudnia \u201970 w \u0141\u0119gowie otrzyma\u0142a podzi\u0119kowanie od Zarz\u0105du Fundacji \u201eSolidarni Dzieciom i Seniorom\u201d za zaproszenie na &hellip; <\/p>\n","protected":false},"author":8,"featured_media":0,"comment_status":"closed","ping_status":"open","sticky":false,"template":"","format":"standard","meta":[],"categories":[1],"tags":[],"_links":{"self":[{"href":"https:\/\/splegowo.pl\/index.php\/wp-json\/wp\/v2\/posts\/26630"}],"collection":[{"href":"https:\/\/splegowo.pl\/index.php\/wp-json\/wp\/v2\/posts"}],"about":[{"href":"https:\/\/splegowo.pl\/index.php\/wp-json\/wp\/v2\/types\/post"}],"author":[{"embeddable":true,"href":"https:\/\/splegowo.pl\/index.php\/wp-json\/wp\/v2\/users\/8"}],"replies":[{"embeddable":true,"href":"https:\/\/splegowo.pl\/index.php\/wp-json\/wp\/v2\/comments?post=26630"}],"version-history":[{"count":1,"href":"https:\/\/splegowo.pl\/index.php\/wp-json\/wp\/v2\/posts\/26630\/revisions"}],"predecessor-version":[{"id":26632,"href":"https:\/\/splegowo.pl\/index.php\/wp-json\/wp\/v2\/posts\/26630\/revisions\/26632"}],"wp:attachment":[{"href":"https:\/\/splegowo.pl\/index.php\/wp-json\/wp\/v2\/media?parent=26630"}],"wp:term":[{"taxonomy":"category","embeddable":true,"href":"https:\/\/splegowo.pl\/index.php\/wp-json\/wp\/v2\/categories?post=26630"},{"taxonomy":"post_tag","embeddable":true,"href":"https:\/\/splegowo.pl\/index.php\/wp-json\/wp\/v2\/tags?post=26630"}],"curies":[{"name":"wp","href":"https:\/\/api.w.org\/{rel}","templated":true}]}}