{"id":26569,"date":"2025-12-16T23:39:03","date_gmt":"2025-12-16T22:39:03","guid":{"rendered":"https:\/\/splegowo.pl\/?p=26569"},"modified":"2025-12-18T16:10:10","modified_gmt":"2025-12-18T15:10:10","slug":"pamietamy-o-grudniu-70","status":"publish","type":"post","link":"https:\/\/splegowo.pl\/index.php\/2025\/12\/16\/pamietamy-o-grudniu-70\/","title":{"rendered":"\u00a0Pami\u0119tamy o Grudniu \u201970"},"content":{"rendered":"\n<p>Delegacja\u00a0uczni\u00f3w naszej szko\u0142y, wraz z panem dyrektorem\u00a0Paw\u0142em Flejszarem\u00a0oraz nauczycielem historii, wzi\u0119\u0142a udzia\u0142 w uroczysto\u015bciach upami\u0119tniaj\u0105cych ofiary wydarze\u0144 Grudnia 1970 roku w Gda\u0144sku.<\/p>\n\n\n\n<p>Obchody rozpocz\u0119\u0142y si\u0119 Msz\u0105 \u015awi\u0119t\u0105 w&nbsp;Bazylice \u015bw. Brygidy, po kt\u00f3rej uczestnicy udali si\u0119 pod&nbsp;Pomnik Ofiar Grudnia \u201970, gdzie z\u0142o\u017cono kwiaty i oddano ho\u0142d poleg\u0142ym.<\/p>\n\n\n\n<p>By\u0142 to kolejny dzie\u0144 obchod\u00f3w&nbsp;Dnia Patro<strong>na <\/strong>naszej szko\u0142y \u2013 Bohater\u00f3w Grudnia \u201970. Udzia\u0142 w tych wydarzeniach stanowi\u0142 wa\u017cn\u0105 lekcj\u0119 historii i patriotyzmu oraz wyraz troski o piel\u0119gnowanie pami\u0119ci o tragicznych wydarzeniach sprzed lat.<\/p>\n\n\n\n<p>&nbsp;Cze\u015b\u0107 i chwa\u0142a poleg\u0142ym.<\/p>\n\n\n\n<figure class=\"wp-block-gallery has-nested-images columns-default is-cropped wp-block-gallery-1 is-layout-flex\">\n<figure class=\"wp-block-image size-large\"><img decoding=\"async\" loading=\"lazy\" width=\"1024\" height=\"768\" data-id=\"26576\"  src=\"https:\/\/splegowo.pl\/wp-content\/uploads\/2025\/12\/0b2ddbf5-848a-4c07-9a28-2b26f036f538-1024x768.jpg\" alt=\"\" class=\"wp-image-26576\" srcset=\"https:\/\/splegowo.pl\/wp-content\/uploads\/2025\/12\/0b2ddbf5-848a-4c07-9a28-2b26f036f538-1024x768.jpg 1024w, https:\/\/splegowo.pl\/wp-content\/uploads\/2025\/12\/0b2ddbf5-848a-4c07-9a28-2b26f036f538-300x225.jpg 300w, https:\/\/splegowo.pl\/wp-content\/uploads\/2025\/12\/0b2ddbf5-848a-4c07-9a28-2b26f036f538-768x576.jpg 768w, https:\/\/splegowo.pl\/wp-content\/uploads\/2025\/12\/0b2ddbf5-848a-4c07-9a28-2b26f036f538-1536x1152.jpg 1536w, https:\/\/splegowo.pl\/wp-content\/uploads\/2025\/12\/0b2ddbf5-848a-4c07-9a28-2b26f036f538.jpg 2000w\" sizes=\"(max-width: 1024px) 100vw, 1024px\" \/><\/figure>\n\n\n\n<figure class=\"wp-block-image size-large\"><img decoding=\"async\" loading=\"lazy\" width=\"1024\" height=\"768\" data-id=\"26573\"  src=\"https:\/\/splegowo.pl\/wp-content\/uploads\/2025\/12\/3e2661c5-a871-4faa-8b13-3cdd52371c58-1024x768.jpg\" alt=\"\" class=\"wp-image-26573\" srcset=\"https:\/\/splegowo.pl\/wp-content\/uploads\/2025\/12\/3e2661c5-a871-4faa-8b13-3cdd52371c58-1024x768.jpg 1024w, https:\/\/splegowo.pl\/wp-content\/uploads\/2025\/12\/3e2661c5-a871-4faa-8b13-3cdd52371c58-300x225.jpg 300w, https:\/\/splegowo.pl\/wp-content\/uploads\/2025\/12\/3e2661c5-a871-4faa-8b13-3cdd52371c58-768x576.jpg 768w, https:\/\/splegowo.pl\/wp-content\/uploads\/2025\/12\/3e2661c5-a871-4faa-8b13-3cdd52371c58-1536x1152.jpg 1536w, https:\/\/splegowo.pl\/wp-content\/uploads\/2025\/12\/3e2661c5-a871-4faa-8b13-3cdd52371c58.jpg 2000w\" sizes=\"(max-width: 1024px) 100vw, 1024px\" \/><\/figure>\n\n\n\n<figure class=\"wp-block-image size-large\"><img decoding=\"async\" loading=\"lazy\" width=\"768\" height=\"1024\" data-id=\"26570\"  src=\"https:\/\/splegowo.pl\/wp-content\/uploads\/2025\/12\/55fdf5cf-2d81-4471-840e-119168f4c7ec-768x1024.jpg\" alt=\"\" class=\"wp-image-26570\" srcset=\"https:\/\/splegowo.pl\/wp-content\/uploads\/2025\/12\/55fdf5cf-2d81-4471-840e-119168f4c7ec-768x1024.jpg 768w, https:\/\/splegowo.pl\/wp-content\/uploads\/2025\/12\/55fdf5cf-2d81-4471-840e-119168f4c7ec-225x300.jpg 225w, https:\/\/splegowo.pl\/wp-content\/uploads\/2025\/12\/55fdf5cf-2d81-4471-840e-119168f4c7ec-1152x1536.jpg 1152w, https:\/\/splegowo.pl\/wp-content\/uploads\/2025\/12\/55fdf5cf-2d81-4471-840e-119168f4c7ec.jpg 1500w\" sizes=\"(max-width: 768px) 100vw, 768px\" \/><\/figure>\n\n\n\n<figure class=\"wp-block-image size-large\"><img decoding=\"async\" loading=\"lazy\" width=\"1024\" height=\"768\" data-id=\"26575\"  src=\"https:\/\/splegowo.pl\/wp-content\/uploads\/2025\/12\/7086a501-64df-490a-9569-c61324722e94-1024x768.jpg\" alt=\"\" class=\"wp-image-26575\" srcset=\"https:\/\/splegowo.pl\/wp-content\/uploads\/2025\/12\/7086a501-64df-490a-9569-c61324722e94-1024x768.jpg 1024w, https:\/\/splegowo.pl\/wp-content\/uploads\/2025\/12\/7086a501-64df-490a-9569-c61324722e94-300x225.jpg 300w, https:\/\/splegowo.pl\/wp-content\/uploads\/2025\/12\/7086a501-64df-490a-9569-c61324722e94-768x576.jpg 768w, https:\/\/splegowo.pl\/wp-content\/uploads\/2025\/12\/7086a501-64df-490a-9569-c61324722e94-1536x1152.jpg 1536w, https:\/\/splegowo.pl\/wp-content\/uploads\/2025\/12\/7086a501-64df-490a-9569-c61324722e94.jpg 2000w\" sizes=\"(max-width: 1024px) 100vw, 1024px\" \/><\/figure>\n\n\n\n<figure class=\"wp-block-image size-large\"><img decoding=\"async\" loading=\"lazy\" width=\"1024\" height=\"768\" data-id=\"26572\"  src=\"https:\/\/splegowo.pl\/wp-content\/uploads\/2025\/12\/a3e7bfda-0353-49e9-bcd5-defcaf972683-1024x768.jpg\" alt=\"\" class=\"wp-image-26572\" srcset=\"https:\/\/splegowo.pl\/wp-content\/uploads\/2025\/12\/a3e7bfda-0353-49e9-bcd5-defcaf972683-1024x768.jpg 1024w, https:\/\/splegowo.pl\/wp-content\/uploads\/2025\/12\/a3e7bfda-0353-49e9-bcd5-defcaf972683-300x225.jpg 300w, https:\/\/splegowo.pl\/wp-content\/uploads\/2025\/12\/a3e7bfda-0353-49e9-bcd5-defcaf972683-768x576.jpg 768w, https:\/\/splegowo.pl\/wp-content\/uploads\/2025\/12\/a3e7bfda-0353-49e9-bcd5-defcaf972683-1536x1152.jpg 1536w, https:\/\/splegowo.pl\/wp-content\/uploads\/2025\/12\/a3e7bfda-0353-49e9-bcd5-defcaf972683.jpg 2000w\" sizes=\"(max-width: 1024px) 100vw, 1024px\" \/><\/figure>\n<\/figure>\n","protected":false},"excerpt":{"rendered":"<p>Delegacja\u00a0uczni\u00f3w naszej szko\u0142y, wraz z panem dyrektorem\u00a0Paw\u0142em Flejszarem\u00a0oraz nauczycielem historii, wzi\u0119\u0142a udzia\u0142 w uroczysto\u015bciach upami\u0119tniaj\u0105cych ofiary wydarze\u0144 Grudnia 1970 roku &hellip; <\/p>\n","protected":false},"author":8,"featured_media":26577,"comment_status":"closed","ping_status":"open","sticky":false,"template":"","format":"standard","meta":[],"categories":[62,1],"tags":[],"_links":{"self":[{"href":"https:\/\/splegowo.pl\/index.php\/wp-json\/wp\/v2\/posts\/26569"}],"collection":[{"href":"https:\/\/splegowo.pl\/index.php\/wp-json\/wp\/v2\/posts"}],"about":[{"href":"https:\/\/splegowo.pl\/index.php\/wp-json\/wp\/v2\/types\/post"}],"author":[{"embeddable":true,"href":"https:\/\/splegowo.pl\/index.php\/wp-json\/wp\/v2\/users\/8"}],"replies":[{"embeddable":true,"href":"https:\/\/splegowo.pl\/index.php\/wp-json\/wp\/v2\/comments?post=26569"}],"version-history":[{"count":6,"href":"https:\/\/splegowo.pl\/index.php\/wp-json\/wp\/v2\/posts\/26569\/revisions"}],"predecessor-version":[{"id":26635,"href":"https:\/\/splegowo.pl\/index.php\/wp-json\/wp\/v2\/posts\/26569\/revisions\/26635"}],"wp:featuredmedia":[{"embeddable":true,"href":"https:\/\/splegowo.pl\/index.php\/wp-json\/wp\/v2\/media\/26577"}],"wp:attachment":[{"href":"https:\/\/splegowo.pl\/index.php\/wp-json\/wp\/v2\/media?parent=26569"}],"wp:term":[{"taxonomy":"category","embeddable":true,"href":"https:\/\/splegowo.pl\/index.php\/wp-json\/wp\/v2\/categories?post=26569"},{"taxonomy":"post_tag","embeddable":true,"href":"https:\/\/splegowo.pl\/index.php\/wp-json\/wp\/v2\/tags?post=26569"}],"curies":[{"name":"wp","href":"https:\/\/api.w.org\/{rel}","templated":true}]}}