{"id":26417,"date":"2025-10-13T15:59:16","date_gmt":"2025-10-13T13:59:16","guid":{"rendered":"https:\/\/splegowo.pl\/?p=26417"},"modified":"2025-10-13T15:59:16","modified_gmt":"2025-10-13T13:59:16","slug":"dzien-edukacji-narodowej","status":"publish","type":"post","link":"https:\/\/splegowo.pl\/index.php\/2025\/10\/13\/dzien-edukacji-narodowej\/","title":{"rendered":"Dzie\u0144 Edukacji Narodowej"},"content":{"rendered":"\n<p>Z okazji Dnia Edukacji Narodowej<br>sk\u0142adam najserdeczniejsze \u017cyczenia wszystkim Nauczycielom, Wychowawcom i Pracownikom Szko\u0142y.<\/p>\n\n\n\n<p>Dzi\u0119kuj\u0119 za codzienny trud, zaanga\u017cowanie i pasj\u0119, z jak\u0105 realizuj\u0105 Pa\u0144stwo swoj\u0105 misj\u0119 \u2014 kszta\u0142towania m\u0142odych umys\u0142\u00f3w i serc.<br>Niech ka\u017cdy dzie\u0144 pracy przynosi satysfakcj\u0119, uznanie i poczucie, \u017ce Pa\u0144stwa wysi\u0142ek ma g\u0142\u0119boki sens i wp\u0142ywa na przysz\u0142o\u015b\u0107 m\u0142odego pokolenia.<\/p>\n\n\n\n<p>\u017bycz\u0119 zdrowia, wytrwa\u0142o\u015bci, nieustaj\u0105cej inspiracji oraz wielu sukces\u00f3w zawodowych i osobistych.<br>Niech wdzi\u0119czno\u015b\u0107 uczni\u00f3w i wsp\u00f3\u0142pracownik\u00f3w b\u0119dzie dla Pa\u0144stwa \u017ar\u00f3d\u0142em si\u0142y i motywacji do dalszej pracy.<\/p>\n\n\n\n<p>Z wyrazami szacunku i uznania<br>Pawe\u0142 Flejszar<br>Dyrektor Szko\u0142y<\/p>\n","protected":false},"excerpt":{"rendered":"<p>Z okazji Dnia Edukacji Narodowejsk\u0142adam najserdeczniejsze \u017cyczenia wszystkim Nauczycielom, Wychowawcom i Pracownikom Szko\u0142y. Dzi\u0119kuj\u0119 za codzienny trud, zaanga\u017cowanie i pasj\u0119, &hellip; <\/p>\n","protected":false},"author":8,"featured_media":26418,"comment_status":"closed","ping_status":"open","sticky":false,"template":"","format":"standard","meta":[],"categories":[1],"tags":[],"_links":{"self":[{"href":"https:\/\/splegowo.pl\/index.php\/wp-json\/wp\/v2\/posts\/26417"}],"collection":[{"href":"https:\/\/splegowo.pl\/index.php\/wp-json\/wp\/v2\/posts"}],"about":[{"href":"https:\/\/splegowo.pl\/index.php\/wp-json\/wp\/v2\/types\/post"}],"author":[{"embeddable":true,"href":"https:\/\/splegowo.pl\/index.php\/wp-json\/wp\/v2\/users\/8"}],"replies":[{"embeddable":true,"href":"https:\/\/splegowo.pl\/index.php\/wp-json\/wp\/v2\/comments?post=26417"}],"version-history":[{"count":2,"href":"https:\/\/splegowo.pl\/index.php\/wp-json\/wp\/v2\/posts\/26417\/revisions"}],"predecessor-version":[{"id":26420,"href":"https:\/\/splegowo.pl\/index.php\/wp-json\/wp\/v2\/posts\/26417\/revisions\/26420"}],"wp:featuredmedia":[{"embeddable":true,"href":"https:\/\/splegowo.pl\/index.php\/wp-json\/wp\/v2\/media\/26418"}],"wp:attachment":[{"href":"https:\/\/splegowo.pl\/index.php\/wp-json\/wp\/v2\/media?parent=26417"}],"wp:term":[{"taxonomy":"category","embeddable":true,"href":"https:\/\/splegowo.pl\/index.php\/wp-json\/wp\/v2\/categories?post=26417"},{"taxonomy":"post_tag","embeddable":true,"href":"https:\/\/splegowo.pl\/index.php\/wp-json\/wp\/v2\/tags?post=26417"}],"curies":[{"name":"wp","href":"https:\/\/api.w.org\/{rel}","templated":true}]}}