{"id":26410,"date":"2025-10-12T21:55:50","date_gmt":"2025-10-12T19:55:50","guid":{"rendered":"https:\/\/splegowo.pl\/?p=26410"},"modified":"2025-10-12T21:55:50","modified_gmt":"2025-10-12T19:55:50","slug":"podziekowania-dla-szkoly-podstawowej-im-bohaterow-ziemi-gdanskiej-w-pszczolkach","status":"publish","type":"post","link":"https:\/\/splegowo.pl\/index.php\/2025\/10\/12\/podziekowania-dla-szkoly-podstawowej-im-bohaterow-ziemi-gdanskiej-w-pszczolkach\/","title":{"rendered":"Podzi\u0119kowania dla Szko\u0142y Podstawowej im. Bohater\u00f3w Ziemi Gda\u0144skiej w Pszcz\u00f3\u0142kach"},"content":{"rendered":"\n<p>Dyrektor Szko\u0142y Podstawowej w \u0141\u0119gowie, Pan Pawe\u0142 Flejszar, sk\u0142ada serdeczne podzi\u0119kowania Dyrekcji, Radzie Rodzic\u00f3w, Nauczycielom, Rodzicom i Uczniom Szko\u0142y Podstawowej w Pszcz\u00f3\u0142kach\u00a0za okazan\u0105 pomoc i wsparcie dla uczennicy naszej szko\u0142y, Zuzi, i jej rodziny z Rusocina.<\/p>\n\n\n\n<p>W dniu<strong>\u00a0<\/strong>8 pa\u017adziernika<strong>\u00a0<\/strong>Pani\u00a0Aleksandra Januszkiewicz, przewodnicz\u0105ca Rady Rodzic\u00f3w, oraz Pan\u00a0Krystian Groos, opiekun Samorz\u0105du Uczniowskiego, przekazali na r\u0119ce Dyrektora naszej szko\u0142y bony, kt\u00f3re trafi\u0142y do rodziny Zuzi.<\/p>\n\n\n\n<p>Serdecznie dzi\u0119kujemy za okazane serce i pi\u0119kny gest solidarno\u015bci.<\/p>\n\n\n\n<figure class=\"wp-block-gallery has-nested-images columns-default is-cropped wp-block-gallery-1 is-layout-flex\">\n<figure class=\"wp-block-image size-large\"><img decoding=\"async\" loading=\"lazy\" width=\"640\" height=\"480\" data-id=\"26411\"  src=\"https:\/\/splegowo.pl\/wp-content\/uploads\/2025\/10\/IMG_6595-2-Sredni.jpeg\" alt=\"\" class=\"wp-image-26411\" srcset=\"https:\/\/splegowo.pl\/wp-content\/uploads\/2025\/10\/IMG_6595-2-Sredni.jpeg 640w, https:\/\/splegowo.pl\/wp-content\/uploads\/2025\/10\/IMG_6595-2-Sredni-300x225.jpeg 300w\" sizes=\"(max-width: 640px) 100vw, 640px\" \/><\/figure>\n\n\n\n<figure class=\"wp-block-image size-large\"><img decoding=\"async\" loading=\"lazy\" width=\"640\" height=\"480\" data-id=\"26412\"  src=\"https:\/\/splegowo.pl\/wp-content\/uploads\/2025\/10\/IMG_6596-2-Sredni.jpeg\" alt=\"\" class=\"wp-image-26412\" srcset=\"https:\/\/splegowo.pl\/wp-content\/uploads\/2025\/10\/IMG_6596-2-Sredni.jpeg 640w, https:\/\/splegowo.pl\/wp-content\/uploads\/2025\/10\/IMG_6596-2-Sredni-300x225.jpeg 300w\" sizes=\"(max-width: 640px) 100vw, 640px\" \/><\/figure>\n<\/figure>\n","protected":false},"excerpt":{"rendered":"<p>Dyrektor Szko\u0142y Podstawowej w \u0141\u0119gowie, Pan Pawe\u0142 Flejszar, sk\u0142ada serdeczne podzi\u0119kowania Dyrekcji, Radzie Rodzic\u00f3w, Nauczycielom, Rodzicom i Uczniom Szko\u0142y Podstawowej &hellip; <\/p>\n","protected":false},"author":8,"featured_media":26412,"comment_status":"closed","ping_status":"open","sticky":false,"template":"","format":"standard","meta":[],"categories":[1],"tags":[],"_links":{"self":[{"href":"https:\/\/splegowo.pl\/index.php\/wp-json\/wp\/v2\/posts\/26410"}],"collection":[{"href":"https:\/\/splegowo.pl\/index.php\/wp-json\/wp\/v2\/posts"}],"about":[{"href":"https:\/\/splegowo.pl\/index.php\/wp-json\/wp\/v2\/types\/post"}],"author":[{"embeddable":true,"href":"https:\/\/splegowo.pl\/index.php\/wp-json\/wp\/v2\/users\/8"}],"replies":[{"embeddable":true,"href":"https:\/\/splegowo.pl\/index.php\/wp-json\/wp\/v2\/comments?post=26410"}],"version-history":[{"count":4,"href":"https:\/\/splegowo.pl\/index.php\/wp-json\/wp\/v2\/posts\/26410\/revisions"}],"predecessor-version":[{"id":26416,"href":"https:\/\/splegowo.pl\/index.php\/wp-json\/wp\/v2\/posts\/26410\/revisions\/26416"}],"wp:featuredmedia":[{"embeddable":true,"href":"https:\/\/splegowo.pl\/index.php\/wp-json\/wp\/v2\/media\/26412"}],"wp:attachment":[{"href":"https:\/\/splegowo.pl\/index.php\/wp-json\/wp\/v2\/media?parent=26410"}],"wp:term":[{"taxonomy":"category","embeddable":true,"href":"https:\/\/splegowo.pl\/index.php\/wp-json\/wp\/v2\/categories?post=26410"},{"taxonomy":"post_tag","embeddable":true,"href":"https:\/\/splegowo.pl\/index.php\/wp-json\/wp\/v2\/tags?post=26410"}],"curies":[{"name":"wp","href":"https:\/\/api.w.org\/{rel}","templated":true}]}}