{"id":26390,"date":"2025-09-29T20:00:54","date_gmt":"2025-09-29T18:00:54","guid":{"rendered":"https:\/\/splegowo.pl\/?p=26390"},"modified":"2025-09-29T20:00:54","modified_gmt":"2025-09-29T18:00:54","slug":"wojewodzkie-konkursy-przedmiotowe-2025-2026","status":"publish","type":"post","link":"https:\/\/splegowo.pl\/index.php\/2025\/09\/29\/wojewodzkie-konkursy-przedmiotowe-2025-2026\/","title":{"rendered":"Wojew\u00f3dzkie Konkursy Przedmiotowe 2025\/2026"},"content":{"rendered":"\n<p>Szko\u0142a Podstawowa w \u0141\u0119gowie zosta\u0142a zg\u0142oszona do udzia\u0142u w Wojew\u00f3dzkich Konkursach Przedmiotowych organizowanych przez Pomorskiego Kuratora O\u015bwiaty. Uczniowie zainteresowani udzia\u0142em w konkursach proszeni s\u0105 o kontakt z nauczycielami odpowiedzialnymi za poszczeg\u00f3lne przedmioty.<\/p>\n\n\n\n<p><strong>Terminy i szkolni koordynatorzy konkurs\u00f3w<\/strong><\/p>\n\n\n\n<figure class=\"wp-block-table\"><table><tbody><tr><td>Przedmiot<\/td><td>Etap szkolny<\/td><td>Etap rejonowy<\/td><td>Etap wojew\u00f3dzki<\/td><td>Szkolny koordynator<\/td><td>E-mail<\/td><\/tr><tr><td>J\u0119zyk polski<\/td><td>9.10.2025 (czwartek)<\/td><td>18.11.2025 (wtorek)<\/td><td>4.03.2026 (\u015broda)<\/td><td>Kinga Ciesielska<\/td><td>kici@splegowo.pl<\/td><\/tr><tr><td>J\u0119zyk angielski<\/td><td>15.10.2025 (\u015broda)<\/td><td>26.11.2025 (\u015broda)<\/td><td>17.02.2026 (wtorek)<\/td><td>Adrianna Sobotka<\/td><td>adso@splegowo.pl<\/td><\/tr><tr><td>J\u0119zyk niemiecki<\/td><td>29.10.2025 (\u015broda)<\/td><td>17.12.2025 (\u015broda)<\/td><td>25.02.2026 (\u015broda)<\/td><td>Micha\u0142 \u0106wikli\u0144ski<\/td><td>micw@splegowo.pl<\/td><\/tr><tr><td>Historia<\/td><td>24.10.2025 (pi\u0105tek)<\/td><td>9.01.2026 (pi\u0105tek)<\/td><td>27.02.2026 (pi\u0105tek)<\/td><td>Mateusz Pa\u0142yz<\/td><td>mapal@splegowo.pl<\/td><\/tr><tr><td>Geografia<\/td><td>22.10.2025 (\u015broda)<\/td><td>16.12.2025 (wtorek)<\/td><td>20.02.2026 (pi\u0105tek)<\/td><td>Joanna T\u0119\u017cycka<\/td><td>jote@splegowo.pl<\/td><\/tr><tr><td>Matematyka<\/td><td>17.10.2025 (pi\u0105tek)<\/td><td>5.12.2025 (pi\u0105tek)<\/td><td>19.02.2026 (czwartek)<\/td><td>Jolanta Rosi\u0144ska-Stasiak<\/td><td>joro@splegowo.pl<\/td><\/tr><tr><td>Fizyka<\/td><td>21.10.2025 (wtorek)<\/td><td>13.01.2026 (wtorek)<\/td><td>24.02.2026 (wtorek)<\/td><td>Marzena Flejszar<\/td><td>mafl@splegowo.pl<\/td><\/tr><tr><td>Chemia<\/td><td>14.11.2025 (pi\u0105tek)<\/td><td>7.01.2026 (\u015broda)<\/td><td>2.03.2026 (poniedzia\u0142ek)<\/td><td>Marzena Flejszar<\/td><td>mafl@splegowo.pl<\/td><\/tr><tr><td>Biologia<\/td><td>23.10.2025 (czwartek)<\/td><td>8.01.2026 (czwartek)<\/td><td>5.03.2026 (czwartek)<\/td><td>Ewa Myszka<\/td><td>ewmy@splegowo.pl<\/td><\/tr><tr><td>Informatyka<\/td><td>13.11.2025 (czwartek)<\/td><td>15.01.2026 (czwartek)<\/td><td>26.02.2026 (czwartek)<\/td><td>Marek Szczepa\u0144ski<\/td><td>masz@splegowo.pl<\/td><\/tr><\/tbody><\/table><\/figure>\n\n\n\n<p>Zach\u0119camy uczni\u00f3w do udzia\u0142u w konkursach!<br>To doskona\u0142a okazja do sprawdzenia swojej wiedzy, rozwijania zainteresowa\u0144 i zdobycia tytu\u0142u finalisty lub laureata Wojew\u00f3dzkiego Konkursu Kuratoryjnego.<\/p>\n\n\n\n<p>Warunkiem przyst\u0105pienia do konkursu jest dostarczenie wype\u0142nionej karty zg\u0142oszenia podpisanej przez rodzic\u00f3w.<\/p>\n\n\n\n<div class=\"wp-block-file\"><a id=\"wp-block-file--media-7c717e86-85a4-48d0-a778-fda66de3d426\" href=\"https:\/\/splegowo.pl\/wp-content\/uploads\/2025\/09\/zalacznik-nr-1-wzor-karty-zgloszenia-ucznia-do-konkursu-5.docx\">zalacznik-nr-1-wzor-karty-zgloszenia-ucznia-do-konkursu-5<\/a><a href=\"https:\/\/splegowo.pl\/wp-content\/uploads\/2025\/09\/zalacznik-nr-1-wzor-karty-zgloszenia-ucznia-do-konkursu-5.docx\" class=\"wp-block-file__button wp-element-button\" download aria-describedby=\"wp-block-file--media-7c717e86-85a4-48d0-a778-fda66de3d426\">Pobierz<\/a><\/div>\n","protected":false},"excerpt":{"rendered":"<p>Szko\u0142a Podstawowa w \u0141\u0119gowie zosta\u0142a zg\u0142oszona do udzia\u0142u w Wojew\u00f3dzkich Konkursach Przedmiotowych organizowanych przez Pomorskiego Kuratora O\u015bwiaty. Uczniowie zainteresowani udzia\u0142em &hellip; <\/p>\n","protected":false},"author":8,"featured_media":0,"comment_status":"closed","ping_status":"open","sticky":false,"template":"","format":"standard","meta":[],"categories":[34],"tags":[],"_links":{"self":[{"href":"https:\/\/splegowo.pl\/index.php\/wp-json\/wp\/v2\/posts\/26390"}],"collection":[{"href":"https:\/\/splegowo.pl\/index.php\/wp-json\/wp\/v2\/posts"}],"about":[{"href":"https:\/\/splegowo.pl\/index.php\/wp-json\/wp\/v2\/types\/post"}],"author":[{"embeddable":true,"href":"https:\/\/splegowo.pl\/index.php\/wp-json\/wp\/v2\/users\/8"}],"replies":[{"embeddable":true,"href":"https:\/\/splegowo.pl\/index.php\/wp-json\/wp\/v2\/comments?post=26390"}],"version-history":[{"count":2,"href":"https:\/\/splegowo.pl\/index.php\/wp-json\/wp\/v2\/posts\/26390\/revisions"}],"predecessor-version":[{"id":26393,"href":"https:\/\/splegowo.pl\/index.php\/wp-json\/wp\/v2\/posts\/26390\/revisions\/26393"}],"wp:attachment":[{"href":"https:\/\/splegowo.pl\/index.php\/wp-json\/wp\/v2\/media?parent=26390"}],"wp:term":[{"taxonomy":"category","embeddable":true,"href":"https:\/\/splegowo.pl\/index.php\/wp-json\/wp\/v2\/categories?post=26390"},{"taxonomy":"post_tag","embeddable":true,"href":"https:\/\/splegowo.pl\/index.php\/wp-json\/wp\/v2\/tags?post=26390"}],"curies":[{"name":"wp","href":"https:\/\/api.w.org\/{rel}","templated":true}]}}