{"id":26287,"date":"2025-09-01T21:37:43","date_gmt":"2025-09-01T19:37:43","guid":{"rendered":"https:\/\/splegowo.pl\/?p=26287"},"modified":"2025-09-01T21:37:43","modified_gmt":"2025-09-01T19:37:43","slug":"rozpoczecie-roku-szkolnego-2025-2026-2","status":"publish","type":"post","link":"https:\/\/splegowo.pl\/index.php\/2025\/09\/01\/rozpoczecie-roku-szkolnego-2025-2026-2\/","title":{"rendered":"Rozpocz\u0119cie roku szkolnego 2025\/2026"},"content":{"rendered":"\n<p>Dzisiaj w naszej szkole odby\u0142a si\u0119 uroczysta inauguracja roku szkolnego 2025\/2026.<br>Dyrektor szko\u0142y, pan Pawe\u0142 Flejszar, powita\u0142 ca\u0142\u0105 spo\u0142eczno\u015b\u0107 szkoln\u0105 i skierowa\u0142 \u017cyczenia pomy\u015blno\u015bci do uczni\u00f3w, nauczycieli oraz rodzic\u00f3w. W poczet spo\u0142eczno\u015bci szkolnej zostali przyj\u0119ci najm\u0142odsi \u2013 pierwszoklasi\u015bci.<\/p>\n\n\n\n<p>Podczas uroczysto\u015bci pan dyrektor podzi\u0119kowa\u0142 pani wicedyrektor El\u017cbiecie Dzia\u0142oszewskiej za dotychczasow\u0105, pe\u0142n\u0105 zaanga\u017cowania prac\u0119 oraz powo\u0142a\u0142 na stanowisko drugiego wicedyrektora pana Marcina Krawisza.<\/p>\n\n\n\n<p>\u017byczymy ca\u0142ej spo\u0142eczno\u015bci szkolnej owocnego, spokojnego i pe\u0142nego sukces\u00f3w roku!<\/p>\n\n\n\n<figure class=\"wp-block-gallery has-nested-images columns-default is-cropped wp-block-gallery-1 is-layout-flex\">\n<figure class=\"wp-block-image size-large\"><img decoding=\"async\" loading=\"lazy\" width=\"640\" height=\"480\" data-id=\"26291\"  src=\"https:\/\/splegowo.pl\/wp-content\/uploads\/2025\/09\/IMG_6112-Sredni-1.jpeg\" alt=\"\" class=\"wp-image-26291\" srcset=\"https:\/\/splegowo.pl\/wp-content\/uploads\/2025\/09\/IMG_6112-Sredni-1.jpeg 640w, https:\/\/splegowo.pl\/wp-content\/uploads\/2025\/09\/IMG_6112-Sredni-1-300x225.jpeg 300w\" sizes=\"(max-width: 640px) 100vw, 640px\" \/><\/figure>\n\n\n\n<figure class=\"wp-block-image size-large\"><img decoding=\"async\" loading=\"lazy\" width=\"640\" height=\"480\" data-id=\"26292\"  src=\"https:\/\/splegowo.pl\/wp-content\/uploads\/2025\/09\/IMG_6113-2-Sredni.jpeg\" alt=\"\" class=\"wp-image-26292\" srcset=\"https:\/\/splegowo.pl\/wp-content\/uploads\/2025\/09\/IMG_6113-2-Sredni.jpeg 640w, https:\/\/splegowo.pl\/wp-content\/uploads\/2025\/09\/IMG_6113-2-Sredni-300x225.jpeg 300w\" sizes=\"(max-width: 640px) 100vw, 640px\" \/><\/figure>\n\n\n\n<figure class=\"wp-block-image size-large\"><img decoding=\"async\" loading=\"lazy\" width=\"640\" height=\"480\" data-id=\"26293\"  src=\"https:\/\/splegowo.pl\/wp-content\/uploads\/2025\/09\/IMG_6114-2-Sredni.jpeg\" alt=\"\" class=\"wp-image-26293\" srcset=\"https:\/\/splegowo.pl\/wp-content\/uploads\/2025\/09\/IMG_6114-2-Sredni.jpeg 640w, https:\/\/splegowo.pl\/wp-content\/uploads\/2025\/09\/IMG_6114-2-Sredni-300x225.jpeg 300w\" sizes=\"(max-width: 640px) 100vw, 640px\" \/><\/figure>\n\n\n\n<figure class=\"wp-block-image size-large\"><img decoding=\"async\" loading=\"lazy\" width=\"640\" height=\"480\" data-id=\"26294\"  src=\"https:\/\/splegowo.pl\/wp-content\/uploads\/2025\/09\/IMG_6115-3-Sredni.jpeg\" alt=\"\" class=\"wp-image-26294\" srcset=\"https:\/\/splegowo.pl\/wp-content\/uploads\/2025\/09\/IMG_6115-3-Sredni.jpeg 640w, https:\/\/splegowo.pl\/wp-content\/uploads\/2025\/09\/IMG_6115-3-Sredni-300x225.jpeg 300w\" sizes=\"(max-width: 640px) 100vw, 640px\" \/><\/figure>\n<\/figure>\n","protected":false},"excerpt":{"rendered":"<p>Dzisiaj w naszej szkole odby\u0142a si\u0119 uroczysta inauguracja roku szkolnego 2025\/2026.Dyrektor szko\u0142y, pan Pawe\u0142 Flejszar, powita\u0142 ca\u0142\u0105 spo\u0142eczno\u015b\u0107 szkoln\u0105 i &hellip; <\/p>\n","protected":false},"author":8,"featured_media":26289,"comment_status":"closed","ping_status":"open","sticky":false,"template":"","format":"standard","meta":[],"categories":[1],"tags":[],"_links":{"self":[{"href":"https:\/\/splegowo.pl\/index.php\/wp-json\/wp\/v2\/posts\/26287"}],"collection":[{"href":"https:\/\/splegowo.pl\/index.php\/wp-json\/wp\/v2\/posts"}],"about":[{"href":"https:\/\/splegowo.pl\/index.php\/wp-json\/wp\/v2\/types\/post"}],"author":[{"embeddable":true,"href":"https:\/\/splegowo.pl\/index.php\/wp-json\/wp\/v2\/users\/8"}],"replies":[{"embeddable":true,"href":"https:\/\/splegowo.pl\/index.php\/wp-json\/wp\/v2\/comments?post=26287"}],"version-history":[{"count":1,"href":"https:\/\/splegowo.pl\/index.php\/wp-json\/wp\/v2\/posts\/26287\/revisions"}],"predecessor-version":[{"id":26295,"href":"https:\/\/splegowo.pl\/index.php\/wp-json\/wp\/v2\/posts\/26287\/revisions\/26295"}],"wp:featuredmedia":[{"embeddable":true,"href":"https:\/\/splegowo.pl\/index.php\/wp-json\/wp\/v2\/media\/26289"}],"wp:attachment":[{"href":"https:\/\/splegowo.pl\/index.php\/wp-json\/wp\/v2\/media?parent=26287"}],"wp:term":[{"taxonomy":"category","embeddable":true,"href":"https:\/\/splegowo.pl\/index.php\/wp-json\/wp\/v2\/categories?post=26287"},{"taxonomy":"post_tag","embeddable":true,"href":"https:\/\/splegowo.pl\/index.php\/wp-json\/wp\/v2\/tags?post=26287"}],"curies":[{"name":"wp","href":"https:\/\/api.w.org\/{rel}","templated":true}]}}