{"id":26276,"date":"2025-08-25T23:46:00","date_gmt":"2025-08-25T21:46:00","guid":{"rendered":"https:\/\/splegowo.pl\/?p=26276"},"modified":"2025-08-25T23:58:12","modified_gmt":"2025-08-25T21:58:12","slug":"rozpoczecie-roku-szkolnego-2025-2026","status":"publish","type":"post","link":"https:\/\/splegowo.pl\/index.php\/2025\/08\/25\/rozpoczecie-roku-szkolnego-2025-2026\/","title":{"rendered":"Rozpocz\u0119cie roku szkolnego 2025\/2026"},"content":{"rendered":"\n<p>Serdecznie zapraszamy Uczni\u00f3w i Rodzic\u00f3w na uroczyste rozpocz\u0119cie roku szkolnego, kt\u00f3re odb\u0119dzie si\u0119&nbsp;<strong>1 wrze\u015bnia 2025 r.<\/strong><\/p>\n\n\n\n<ul>\n<li><strong>Klasy IV\u2013VIII<\/strong>&nbsp;\u2013 godz.&nbsp;<strong>8:00<\/strong><\/li>\n\n\n\n<li><strong>Klasy 0\u2013III<\/strong>&nbsp;\u2013 godz.&nbsp;<strong>11:00<\/strong><\/li>\n<\/ul>\n\n\n\n<p>Uroczysto\u015b\u0107 odb\u0119dzie si\u0119&nbsp;<strong>na boisku szkolnym<\/strong>, a w przypadku niesprzyjaj\u0105cej pogody \u2013&nbsp;<strong>w sali gimnastycznej<\/strong>.<\/p>\n","protected":false},"excerpt":{"rendered":"<p>Serdecznie zapraszamy Uczni\u00f3w i Rodzic\u00f3w na uroczyste rozpocz\u0119cie roku szkolnego, kt\u00f3re odb\u0119dzie si\u0119&nbsp;1 wrze\u015bnia 2025 r. Uroczysto\u015b\u0107 odb\u0119dzie si\u0119&nbsp;na boisku &hellip; <\/p>\n","protected":false},"author":8,"featured_media":26282,"comment_status":"closed","ping_status":"open","sticky":false,"template":"","format":"standard","meta":[],"categories":[1],"tags":[],"_links":{"self":[{"href":"https:\/\/splegowo.pl\/index.php\/wp-json\/wp\/v2\/posts\/26276"}],"collection":[{"href":"https:\/\/splegowo.pl\/index.php\/wp-json\/wp\/v2\/posts"}],"about":[{"href":"https:\/\/splegowo.pl\/index.php\/wp-json\/wp\/v2\/types\/post"}],"author":[{"embeddable":true,"href":"https:\/\/splegowo.pl\/index.php\/wp-json\/wp\/v2\/users\/8"}],"replies":[{"embeddable":true,"href":"https:\/\/splegowo.pl\/index.php\/wp-json\/wp\/v2\/comments?post=26276"}],"version-history":[{"count":1,"href":"https:\/\/splegowo.pl\/index.php\/wp-json\/wp\/v2\/posts\/26276\/revisions"}],"predecessor-version":[{"id":26278,"href":"https:\/\/splegowo.pl\/index.php\/wp-json\/wp\/v2\/posts\/26276\/revisions\/26278"}],"wp:featuredmedia":[{"embeddable":true,"href":"https:\/\/splegowo.pl\/index.php\/wp-json\/wp\/v2\/media\/26282"}],"wp:attachment":[{"href":"https:\/\/splegowo.pl\/index.php\/wp-json\/wp\/v2\/media?parent=26276"}],"wp:term":[{"taxonomy":"category","embeddable":true,"href":"https:\/\/splegowo.pl\/index.php\/wp-json\/wp\/v2\/categories?post=26276"},{"taxonomy":"post_tag","embeddable":true,"href":"https:\/\/splegowo.pl\/index.php\/wp-json\/wp\/v2\/tags?post=26276"}],"curies":[{"name":"wp","href":"https:\/\/api.w.org\/{rel}","templated":true}]}}