{"id":26264,"date":"2025-06-30T17:59:12","date_gmt":"2025-06-30T15:59:12","guid":{"rendered":"https:\/\/splegowo.pl\/?p=26264"},"modified":"2025-06-30T17:59:12","modified_gmt":"2025-06-30T15:59:12","slug":"wakacyjne-zyczenia-od-pana-dyrektora","status":"publish","type":"post","link":"https:\/\/splegowo.pl\/index.php\/2025\/06\/30\/wakacyjne-zyczenia-od-pana-dyrektora\/","title":{"rendered":"Wakacyjne \u017cyczenia od Pana Dyrektora"},"content":{"rendered":"\n<p>Drodzy Uczniowie, Nauczyciele, Pracownicy Szko\u0142y, Rodzice i Przyjaciele naszej Szko\u0142y,<\/p>\n\n\n\n<p>zako\u0144czyli\u015bmy kolejny rok szkolny \u2013 pe\u0142en wyzwa\u0144, wsp\u00f3lnych sukces\u00f3w, codziennej pracy i wielu niezapomnianych chwil.<\/p>\n\n\n\n<p>Z ca\u0142ego serca\u00a0dzi\u0119kuj\u0119 wszystkim:<br>\u2013\u00a0Uczniom\u00a0\u2013 za zaanga\u017cowanie, ciekawo\u015b\u0107 \u015bwiata i rozwijanie swoich talent\u00f3w,<br>\u2013\u00a0Nauczycielom\u00a0\u2013 za pasj\u0119, profesjonalizm i serce wk\u0142adane w wychowanie i edukacj\u0119,<br>\u2013\u00a0Pracownikom szko\u0142y\u00a0\u2013 za codzienn\u0105 \u017cyczliwo\u015b\u0107, trosk\u0119 i niezawodne wsparcie,<br>\u2013\u00a0Rodzicom\u00a0\u2013 za zaufanie, wsp\u00f3\u0142prac\u0119 i obecno\u015b\u0107,<br>\u2013\u00a0Przyjacio\u0142om szko\u0142y\u00a0\u2013 za \u017cyczliwo\u015b\u0107, pomoc i wsp\u00f3lne dzia\u0142ania na rzecz naszych uczni\u00f3w.<\/p>\n\n\n\n<p>\u017bycz\u0119 wszystkim s\u0142onecznych, bezpiecznych i pe\u0142nych rado\u015bci wakacji!<br>Do zobaczenia we wrze\u015bniu!\u00a0<\/p>\n\n\n\n<p>Z wyrazami szacunku,<br>Pawe\u0142 Flejszar<br>Dyrektor Szko\u0142y<\/p>\n","protected":false},"excerpt":{"rendered":"<p>Drodzy Uczniowie, Nauczyciele, Pracownicy Szko\u0142y, Rodzice i Przyjaciele naszej Szko\u0142y, zako\u0144czyli\u015bmy kolejny rok szkolny \u2013 pe\u0142en wyzwa\u0144, wsp\u00f3lnych sukces\u00f3w, codziennej &hellip; <\/p>\n","protected":false},"author":8,"featured_media":26268,"comment_status":"closed","ping_status":"open","sticky":false,"template":"","format":"standard","meta":[],"categories":[62],"tags":[],"_links":{"self":[{"href":"https:\/\/splegowo.pl\/index.php\/wp-json\/wp\/v2\/posts\/26264"}],"collection":[{"href":"https:\/\/splegowo.pl\/index.php\/wp-json\/wp\/v2\/posts"}],"about":[{"href":"https:\/\/splegowo.pl\/index.php\/wp-json\/wp\/v2\/types\/post"}],"author":[{"embeddable":true,"href":"https:\/\/splegowo.pl\/index.php\/wp-json\/wp\/v2\/users\/8"}],"replies":[{"embeddable":true,"href":"https:\/\/splegowo.pl\/index.php\/wp-json\/wp\/v2\/comments?post=26264"}],"version-history":[{"count":1,"href":"https:\/\/splegowo.pl\/index.php\/wp-json\/wp\/v2\/posts\/26264\/revisions"}],"predecessor-version":[{"id":26267,"href":"https:\/\/splegowo.pl\/index.php\/wp-json\/wp\/v2\/posts\/26264\/revisions\/26267"}],"wp:featuredmedia":[{"embeddable":true,"href":"https:\/\/splegowo.pl\/index.php\/wp-json\/wp\/v2\/media\/26268"}],"wp:attachment":[{"href":"https:\/\/splegowo.pl\/index.php\/wp-json\/wp\/v2\/media?parent=26264"}],"wp:term":[{"taxonomy":"category","embeddable":true,"href":"https:\/\/splegowo.pl\/index.php\/wp-json\/wp\/v2\/categories?post=26264"},{"taxonomy":"post_tag","embeddable":true,"href":"https:\/\/splegowo.pl\/index.php\/wp-json\/wp\/v2\/tags?post=26264"}],"curies":[{"name":"wp","href":"https:\/\/api.w.org\/{rel}","templated":true}]}}