{"id":25901,"date":"2025-06-02T06:18:30","date_gmt":"2025-06-02T04:18:30","guid":{"rendered":"https:\/\/splegowo.pl\/?p=25901"},"modified":"2025-06-02T06:18:30","modified_gmt":"2025-06-02T04:18:30","slug":"xx-iv-powiatowy-konkurs-recytatorski-poezji-zygmunta-bukowskiego-w-czerniewie","status":"publish","type":"post","link":"https:\/\/splegowo.pl\/index.php\/2025\/06\/02\/xx-iv-powiatowy-konkurs-recytatorski-poezji-zygmunta-bukowskiego-w-czerniewie\/","title":{"rendered":"XX IV Powiatowy Konkurs Recytatorski Poezji Zygmunta Bukowskiego\u00a0w Czerniewie"},"content":{"rendered":"\n<p>Nasze uczennice,\u00a0Joanna Suchcicka\u00a0i\u00a0Lena Masternak, godnie reprezentowa\u0142y szko\u0142\u0119.\u00a0Lena zdoby\u0142a\u00a0III miejsce\u00a0w kategorii klas IV\u2013VI.\u00a0Gratulujemy obu dziewczynom za pi\u0119kne interpretacje poezji Zygmunta Bukowskiego! <\/p>\n\n\n\n<p>Gratulujemy wszystkim uczestnikom i dzi\u0119kujemy organizatorom za wyj\u0105tkowe wydarzenie! <\/p>\n\n\n\n<figure class=\"wp-block-gallery has-nested-images columns-default is-cropped wp-block-gallery-1 is-layout-flex\">\n<figure class=\"wp-block-image size-large\"><img decoding=\"async\" loading=\"lazy\" width=\"1024\" height=\"577\" data-id=\"25902\"  src=\"https:\/\/splegowo.pl\/wp-content\/uploads\/2025\/06\/b8911f87-0921-4581-92ff-4c470eb9c496-1024x577.jpg\" alt=\"\" class=\"wp-image-25902\" srcset=\"https:\/\/splegowo.pl\/wp-content\/uploads\/2025\/06\/b8911f87-0921-4581-92ff-4c470eb9c496-1024x577.jpg 1024w, https:\/\/splegowo.pl\/wp-content\/uploads\/2025\/06\/b8911f87-0921-4581-92ff-4c470eb9c496-300x169.jpg 300w, https:\/\/splegowo.pl\/wp-content\/uploads\/2025\/06\/b8911f87-0921-4581-92ff-4c470eb9c496-768x432.jpg 768w, https:\/\/splegowo.pl\/wp-content\/uploads\/2025\/06\/b8911f87-0921-4581-92ff-4c470eb9c496-1536x865.jpg 1536w, https:\/\/splegowo.pl\/wp-content\/uploads\/2025\/06\/b8911f87-0921-4581-92ff-4c470eb9c496.jpg 2000w\" sizes=\"(max-width: 1024px) 100vw, 1024px\" \/><\/figure>\n\n\n\n<figure class=\"wp-block-image size-large\"><img decoding=\"async\" loading=\"lazy\" width=\"1024\" height=\"683\" data-id=\"25903\"  src=\"https:\/\/splegowo.pl\/wp-content\/uploads\/2025\/06\/IMG_4580-1024x683.jpg\" alt=\"\" class=\"wp-image-25903\" srcset=\"https:\/\/splegowo.pl\/wp-content\/uploads\/2025\/06\/IMG_4580-1024x683.jpg 1024w, https:\/\/splegowo.pl\/wp-content\/uploads\/2025\/06\/IMG_4580-300x200.jpg 300w, https:\/\/splegowo.pl\/wp-content\/uploads\/2025\/06\/IMG_4580-768x512.jpg 768w, https:\/\/splegowo.pl\/wp-content\/uploads\/2025\/06\/IMG_4580-1536x1024.jpg 1536w, https:\/\/splegowo.pl\/wp-content\/uploads\/2025\/06\/IMG_4580-370x247.jpg 370w, https:\/\/splegowo.pl\/wp-content\/uploads\/2025\/06\/IMG_4580.jpg 2048w\" sizes=\"(max-width: 1024px) 100vw, 1024px\" \/><\/figure>\n\n\n\n<figure class=\"wp-block-image size-large\"><img decoding=\"async\" loading=\"lazy\" width=\"1024\" height=\"683\" data-id=\"25904\"  src=\"https:\/\/splegowo.pl\/wp-content\/uploads\/2025\/06\/IMG_4582-1024x683.jpg\" alt=\"\" class=\"wp-image-25904\" srcset=\"https:\/\/splegowo.pl\/wp-content\/uploads\/2025\/06\/IMG_4582-1024x683.jpg 1024w, https:\/\/splegowo.pl\/wp-content\/uploads\/2025\/06\/IMG_4582-300x200.jpg 300w, https:\/\/splegowo.pl\/wp-content\/uploads\/2025\/06\/IMG_4582-768x512.jpg 768w, https:\/\/splegowo.pl\/wp-content\/uploads\/2025\/06\/IMG_4582-370x247.jpg 370w, https:\/\/splegowo.pl\/wp-content\/uploads\/2025\/06\/IMG_4582.jpg 1200w\" sizes=\"(max-width: 1024px) 100vw, 1024px\" \/><\/figure>\n<\/figure>\n","protected":false},"excerpt":{"rendered":"<p>Nasze uczennice,\u00a0Joanna Suchcicka\u00a0i\u00a0Lena Masternak, godnie reprezentowa\u0142y szko\u0142\u0119.\u00a0Lena zdoby\u0142a\u00a0III miejsce\u00a0w kategorii klas IV\u2013VI.\u00a0Gratulujemy obu dziewczynom za pi\u0119kne interpretacje poezji Zygmunta Bukowskiego! &hellip; <\/p>\n","protected":false},"author":8,"featured_media":25904,"comment_status":"closed","ping_status":"open","sticky":false,"template":"","format":"standard","meta":[],"categories":[62,34],"tags":[],"_links":{"self":[{"href":"https:\/\/splegowo.pl\/index.php\/wp-json\/wp\/v2\/posts\/25901"}],"collection":[{"href":"https:\/\/splegowo.pl\/index.php\/wp-json\/wp\/v2\/posts"}],"about":[{"href":"https:\/\/splegowo.pl\/index.php\/wp-json\/wp\/v2\/types\/post"}],"author":[{"embeddable":true,"href":"https:\/\/splegowo.pl\/index.php\/wp-json\/wp\/v2\/users\/8"}],"replies":[{"embeddable":true,"href":"https:\/\/splegowo.pl\/index.php\/wp-json\/wp\/v2\/comments?post=25901"}],"version-history":[{"count":1,"href":"https:\/\/splegowo.pl\/index.php\/wp-json\/wp\/v2\/posts\/25901\/revisions"}],"predecessor-version":[{"id":25905,"href":"https:\/\/splegowo.pl\/index.php\/wp-json\/wp\/v2\/posts\/25901\/revisions\/25905"}],"wp:featuredmedia":[{"embeddable":true,"href":"https:\/\/splegowo.pl\/index.php\/wp-json\/wp\/v2\/media\/25904"}],"wp:attachment":[{"href":"https:\/\/splegowo.pl\/index.php\/wp-json\/wp\/v2\/media?parent=25901"}],"wp:term":[{"taxonomy":"category","embeddable":true,"href":"https:\/\/splegowo.pl\/index.php\/wp-json\/wp\/v2\/categories?post=25901"},{"taxonomy":"post_tag","embeddable":true,"href":"https:\/\/splegowo.pl\/index.php\/wp-json\/wp\/v2\/tags?post=25901"}],"curies":[{"name":"wp","href":"https:\/\/api.w.org\/{rel}","templated":true}]}}