{"id":25759,"date":"2025-05-28T20:12:42","date_gmt":"2025-05-28T18:12:42","guid":{"rendered":"https:\/\/splegowo.pl\/?p=25759"},"modified":"2025-05-28T20:12:42","modified_gmt":"2025-05-28T18:12:42","slug":"sukces-naszego-ucznia-w-wojewodzkim-konkursie-matematyczno-logicznym","status":"publish","type":"post","link":"https:\/\/splegowo.pl\/index.php\/2025\/05\/28\/sukces-naszego-ucznia-w-wojewodzkim-konkursie-matematyczno-logicznym\/","title":{"rendered":"Sukces naszego ucznia w Wojew\u00f3dzkim Konkursie Matematyczno -Logicznym!"},"content":{"rendered":"\n<p>Franciszek \u017bo\u0142nierkiewicz &#8211; ucze\u0144 klasy VI c zaj\u0105\u0142&nbsp;III miejsce&nbsp;w&nbsp;Wojew\u00f3dzkim Konkursie Matematyczno-Logicznym&nbsp;w kategorii klas V\u2013VI, organizowanym przez Niepubliczn\u0105 Szko\u0142\u0119 Podstawow\u0105 NOWY \u015aWIAT w Gda\u0144sku.<\/p>\n\n\n\n<p>Franek wykaza\u0142 si\u0119 nie tylko znakomit\u0105 znajomo\u015bci\u0105 matematyki, ale przede wszystkim logicznym my\u015bleniem i umiej\u0119tno\u015bci\u0105 rozwi\u0105zywania z\u0142o\u017conych problem\u00f3w. <\/p>\n\n\n\n<p>Gratulujemy serdecznie i \u017cyczymy kolejnych sukces\u00f3w!<br><\/p>\n\n\n\n<p>Wielkie gratulacje kierujemy r\u00f3wnie\u017c do rodzic\u00f3w Franka oraz  nauczyciela i pasjonata matematyki \u2014&nbsp;Marcina Kwietnia!<\/p>\n\n\n\n<p><br><\/p>\n\n\n\n<figure class=\"wp-block-gallery has-nested-images columns-default is-cropped wp-block-gallery-1 is-layout-flex\">\n<figure class=\"wp-block-image size-large\"><img decoding=\"async\" loading=\"lazy\" width=\"768\" height=\"1024\" data-id=\"25760\"  src=\"https:\/\/splegowo.pl\/wp-content\/uploads\/2025\/05\/IMG_4513-768x1024.jpeg\" alt=\"\" class=\"wp-image-25760\" srcset=\"https:\/\/splegowo.pl\/wp-content\/uploads\/2025\/05\/IMG_4513-768x1024.jpeg 768w, https:\/\/splegowo.pl\/wp-content\/uploads\/2025\/05\/IMG_4513-225x300.jpeg 225w, https:\/\/splegowo.pl\/wp-content\/uploads\/2025\/05\/IMG_4513-1152x1536.jpeg 1152w, https:\/\/splegowo.pl\/wp-content\/uploads\/2025\/05\/IMG_4513-1536x2048.jpeg 1536w, https:\/\/splegowo.pl\/wp-content\/uploads\/2025\/05\/IMG_4513-scaled.jpeg 1920w\" sizes=\"(max-width: 768px) 100vw, 768px\" \/><\/figure>\n\n\n\n<figure class=\"wp-block-image size-large\"><img decoding=\"async\" loading=\"lazy\" width=\"768\" height=\"1024\" data-id=\"25761\"  src=\"https:\/\/splegowo.pl\/wp-content\/uploads\/2025\/05\/IMG_4518-768x1024.jpeg\" alt=\"\" class=\"wp-image-25761\" srcset=\"https:\/\/splegowo.pl\/wp-content\/uploads\/2025\/05\/IMG_4518-768x1024.jpeg 768w, https:\/\/splegowo.pl\/wp-content\/uploads\/2025\/05\/IMG_4518-225x300.jpeg 225w, https:\/\/splegowo.pl\/wp-content\/uploads\/2025\/05\/IMG_4518-1152x1536.jpeg 1152w, https:\/\/splegowo.pl\/wp-content\/uploads\/2025\/05\/IMG_4518-1536x2048.jpeg 1536w, https:\/\/splegowo.pl\/wp-content\/uploads\/2025\/05\/IMG_4518-scaled.jpeg 1920w\" sizes=\"(max-width: 768px) 100vw, 768px\" \/><\/figure>\n<\/figure>\n\n\n\n<figure class=\"wp-block-gallery has-nested-images columns-default is-cropped wp-block-gallery-3 is-layout-flex\">\n<figure class=\"wp-block-image size-large\"><img decoding=\"async\" loading=\"lazy\" width=\"480\" height=\"640\" data-id=\"25765\"  src=\"https:\/\/splegowo.pl\/wp-content\/uploads\/2025\/05\/IMG_4522-Sredni.jpeg\" alt=\"\" class=\"wp-image-25765\" srcset=\"https:\/\/splegowo.pl\/wp-content\/uploads\/2025\/05\/IMG_4522-Sredni.jpeg 480w, https:\/\/splegowo.pl\/wp-content\/uploads\/2025\/05\/IMG_4522-Sredni-225x300.jpeg 225w\" sizes=\"(max-width: 480px) 100vw, 480px\" \/><\/figure>\n<\/figure>\n","protected":false},"excerpt":{"rendered":"<p>Franciszek \u017bo\u0142nierkiewicz &#8211; ucze\u0144 klasy VI c zaj\u0105\u0142&nbsp;III miejsce&nbsp;w&nbsp;Wojew\u00f3dzkim Konkursie Matematyczno-Logicznym&nbsp;w kategorii klas V\u2013VI, organizowanym przez Niepubliczn\u0105 Szko\u0142\u0119 Podstawow\u0105 NOWY &hellip; <\/p>\n","protected":false},"author":8,"featured_media":25770,"comment_status":"closed","ping_status":"open","sticky":false,"template":"","format":"standard","meta":[],"categories":[34],"tags":[],"_links":{"self":[{"href":"https:\/\/splegowo.pl\/index.php\/wp-json\/wp\/v2\/posts\/25759"}],"collection":[{"href":"https:\/\/splegowo.pl\/index.php\/wp-json\/wp\/v2\/posts"}],"about":[{"href":"https:\/\/splegowo.pl\/index.php\/wp-json\/wp\/v2\/types\/post"}],"author":[{"embeddable":true,"href":"https:\/\/splegowo.pl\/index.php\/wp-json\/wp\/v2\/users\/8"}],"replies":[{"embeddable":true,"href":"https:\/\/splegowo.pl\/index.php\/wp-json\/wp\/v2\/comments?post=25759"}],"version-history":[{"count":2,"href":"https:\/\/splegowo.pl\/index.php\/wp-json\/wp\/v2\/posts\/25759\/revisions"}],"predecessor-version":[{"id":25768,"href":"https:\/\/splegowo.pl\/index.php\/wp-json\/wp\/v2\/posts\/25759\/revisions\/25768"}],"wp:featuredmedia":[{"embeddable":true,"href":"https:\/\/splegowo.pl\/index.php\/wp-json\/wp\/v2\/media\/25770"}],"wp:attachment":[{"href":"https:\/\/splegowo.pl\/index.php\/wp-json\/wp\/v2\/media?parent=25759"}],"wp:term":[{"taxonomy":"category","embeddable":true,"href":"https:\/\/splegowo.pl\/index.php\/wp-json\/wp\/v2\/categories?post=25759"},{"taxonomy":"post_tag","embeddable":true,"href":"https:\/\/splegowo.pl\/index.php\/wp-json\/wp\/v2\/tags?post=25759"}],"curies":[{"name":"wp","href":"https:\/\/api.w.org\/{rel}","templated":true}]}}