{"id":25577,"date":"2025-05-19T22:33:17","date_gmt":"2025-05-19T20:33:17","guid":{"rendered":"https:\/\/splegowo.pl\/?p=25577"},"modified":"2025-05-22T22:35:42","modified_gmt":"2025-05-22T20:35:42","slug":"sukces-bartosza-w-konkursie-fotograficznym","status":"publish","type":"post","link":"https:\/\/splegowo.pl\/index.php\/2025\/05\/19\/sukces-bartosza-w-konkursie-fotograficznym\/","title":{"rendered":"Sukces Bartosza w konkursie fotograficznym!"},"content":{"rendered":"\n<p>Bartosz Ostrowski\u00a0zdoby\u0142\u00a0I miejsce\u00a0w\u00a0XX Powiatowym Konkursie Fotograficznym \u201eM\u00f3j \u017cu\u0142awski kawa\u0142ek \u015bwiata\u201d.<\/p>\n\n\n\n<p>Celem konkursu by\u0142o uchwycenie pi\u0119kna, wyj\u0105tkowo\u015bci i codzienno\u015bci \u017bu\u0142aw \u2013 miejsca, w kt\u00f3rym \u017cyjemy. .<\/p>\n\n\n\n<p>Jeste\u015bmy dumni, \u017ce w\u015br\u00f3d naszych uczni\u00f3w s\u0105 tak uzdolnione i wra\u017cliwe artystycznie osoby.<br>\u017byczymy Bartoszowi kolejnych sukces\u00f3w i nieustaj\u0105cej pasji do fotografii!<\/p>\n\n\n\n<p><\/p>\n\n\n\n<figure class=\"wp-block-gallery has-nested-images columns-default is-cropped wp-block-gallery-1 is-layout-flex\">\n<figure class=\"wp-block-image size-large\"><img decoding=\"async\" loading=\"lazy\" width=\"902\" height=\"679\" data-id=\"25578\"  src=\"https:\/\/splegowo.pl\/wp-content\/uploads\/2025\/05\/43d797ad-573e-493f-8a91-70c477a73527-2.jpg\" alt=\"\" class=\"wp-image-25578\" srcset=\"https:\/\/splegowo.pl\/wp-content\/uploads\/2025\/05\/43d797ad-573e-493f-8a91-70c477a73527-2.jpg 902w, https:\/\/splegowo.pl\/wp-content\/uploads\/2025\/05\/43d797ad-573e-493f-8a91-70c477a73527-2-300x226.jpg 300w, https:\/\/splegowo.pl\/wp-content\/uploads\/2025\/05\/43d797ad-573e-493f-8a91-70c477a73527-2-768x578.jpg 768w\" sizes=\"(max-width: 902px) 100vw, 902px\" \/><\/figure>\n\n\n\n<figure class=\"wp-block-image size-large\"><img decoding=\"async\" loading=\"lazy\" width=\"860\" height=\"648\" data-id=\"25579\"  src=\"https:\/\/splegowo.pl\/wp-content\/uploads\/2025\/05\/ea3a18d6-f76a-47d3-b444-000ac96e134e-2.jpg\" alt=\"\" class=\"wp-image-25579\" srcset=\"https:\/\/splegowo.pl\/wp-content\/uploads\/2025\/05\/ea3a18d6-f76a-47d3-b444-000ac96e134e-2.jpg 860w, https:\/\/splegowo.pl\/wp-content\/uploads\/2025\/05\/ea3a18d6-f76a-47d3-b444-000ac96e134e-2-300x226.jpg 300w, https:\/\/splegowo.pl\/wp-content\/uploads\/2025\/05\/ea3a18d6-f76a-47d3-b444-000ac96e134e-2-768x579.jpg 768w\" sizes=\"(max-width: 860px) 100vw, 860px\" \/><\/figure>\n<\/figure>\n","protected":false},"excerpt":{"rendered":"<p>Bartosz Ostrowski\u00a0zdoby\u0142\u00a0I miejsce\u00a0w\u00a0XX Powiatowym Konkursie Fotograficznym \u201eM\u00f3j \u017cu\u0142awski kawa\u0142ek \u015bwiata\u201d. Celem konkursu by\u0142o uchwycenie pi\u0119kna, wyj\u0105tkowo\u015bci i codzienno\u015bci \u017bu\u0142aw \u2013 &hellip; <\/p>\n","protected":false},"author":8,"featured_media":25583,"comment_status":"closed","ping_status":"open","sticky":false,"template":"","format":"standard","meta":[],"categories":[34],"tags":[],"_links":{"self":[{"href":"https:\/\/splegowo.pl\/index.php\/wp-json\/wp\/v2\/posts\/25577"}],"collection":[{"href":"https:\/\/splegowo.pl\/index.php\/wp-json\/wp\/v2\/posts"}],"about":[{"href":"https:\/\/splegowo.pl\/index.php\/wp-json\/wp\/v2\/types\/post"}],"author":[{"embeddable":true,"href":"https:\/\/splegowo.pl\/index.php\/wp-json\/wp\/v2\/users\/8"}],"replies":[{"embeddable":true,"href":"https:\/\/splegowo.pl\/index.php\/wp-json\/wp\/v2\/comments?post=25577"}],"version-history":[{"count":2,"href":"https:\/\/splegowo.pl\/index.php\/wp-json\/wp\/v2\/posts\/25577\/revisions"}],"predecessor-version":[{"id":25584,"href":"https:\/\/splegowo.pl\/index.php\/wp-json\/wp\/v2\/posts\/25577\/revisions\/25584"}],"wp:featuredmedia":[{"embeddable":true,"href":"https:\/\/splegowo.pl\/index.php\/wp-json\/wp\/v2\/media\/25583"}],"wp:attachment":[{"href":"https:\/\/splegowo.pl\/index.php\/wp-json\/wp\/v2\/media?parent=25577"}],"wp:term":[{"taxonomy":"category","embeddable":true,"href":"https:\/\/splegowo.pl\/index.php\/wp-json\/wp\/v2\/categories?post=25577"},{"taxonomy":"post_tag","embeddable":true,"href":"https:\/\/splegowo.pl\/index.php\/wp-json\/wp\/v2\/tags?post=25577"}],"curies":[{"name":"wp","href":"https:\/\/api.w.org\/{rel}","templated":true}]}}