{"id":25355,"date":"2025-05-17T20:14:13","date_gmt":"2025-05-17T18:14:13","guid":{"rendered":"https:\/\/splegowo.pl\/?p=25355"},"modified":"2025-05-17T20:23:19","modified_gmt":"2025-05-17T18:23:19","slug":"sukces-naszej-szkoly-w-powiatowym-konkursie-czytelniczym-z-ksiazka-na-ty","status":"publish","type":"post","link":"https:\/\/splegowo.pl\/index.php\/2025\/05\/17\/sukces-naszej-szkoly-w-powiatowym-konkursie-czytelniczym-z-ksiazka-na-ty\/","title":{"rendered":"Sukces naszej szko\u0142y w Powiatowym Konkursie Czytelniczym\u00a0\u201eZ ksi\u0105\u017ck\u0105 na ty\u201d"},"content":{"rendered":"\n<p>Z rado\u015bci\u0105 informujemy, \u017ce nasza szko\u0142a zaj\u0119\u0142a <strong>III miejsce<\/strong> w <strong>Powiatowym Konkursie Czytelniczym \u201eZ ksi\u0105\u017ck\u0105 na ty\u201d<\/strong>. Ten sukces zawdzi\u0119czamy przede wszystkim <strong>naszym wspania\u0142ym uczniom<\/strong>, a tak\u017ce <strong>rodzicom i nauczycielom<\/strong>, kt\u00f3rzy z ogromnym zaanga\u017cowaniem przygotowywali m\u0142odzie\u017c do udzia\u0142u w konkursie.<\/p>\n\n\n\n<p>Na szczeg\u00f3lne wyr\u00f3\u017cnienie zas\u0142uguj\u0105:<\/p>\n\n\n\n<p><strong>Oliwia Paw\u0142owska<\/strong> z klasy IV b \u2013 zdobywczyni <strong>III miejsca<\/strong> w I etapie konkursu&nbsp;<\/p>\n\n\n\n<p>pt.<em>\u201eTest wiedzy z przeczytanych lektur<\/em>\u201d<br><strong>Joanna Suchcicka<\/strong> z klasy VIII a \u2013 zdobywczyni <strong>II miejsca<\/strong> w tym samym etapie<br><strong>Krzysztof Ciesielski<\/strong> z klasy III a \u2013 zdobywca <strong>I miejsca<\/strong> w II etapie&nbsp;<\/p>\n\n\n\n<p>pt. <em>\u201eKonkurs pi\u0119knego czytania\u201d<\/em><\/p>\n\n\n\n<p><strong>Uroczyste wr\u0119czenie nagr\u00f3d odb\u0119dzie si\u0119 3 czerwca w K\u0142odawie.<\/strong><\/p>\n\n\n\n<p>Gratulujemy wszystkim uczestnikom i dzi\u0119kujemy za godne reprezentowanie naszej szko\u0142y!&nbsp;<\/p>\n","protected":false},"excerpt":{"rendered":"<p>Z rado\u015bci\u0105 informujemy, \u017ce nasza szko\u0142a zaj\u0119\u0142a III miejsce w Powiatowym Konkursie Czytelniczym \u201eZ ksi\u0105\u017ck\u0105 na ty\u201d. Ten sukces zawdzi\u0119czamy &hellip; <\/p>\n","protected":false},"author":1,"featured_media":25356,"comment_status":"closed","ping_status":"open","sticky":false,"template":"","format":"standard","meta":[],"categories":[62,56],"tags":[],"_links":{"self":[{"href":"https:\/\/splegowo.pl\/index.php\/wp-json\/wp\/v2\/posts\/25355"}],"collection":[{"href":"https:\/\/splegowo.pl\/index.php\/wp-json\/wp\/v2\/posts"}],"about":[{"href":"https:\/\/splegowo.pl\/index.php\/wp-json\/wp\/v2\/types\/post"}],"author":[{"embeddable":true,"href":"https:\/\/splegowo.pl\/index.php\/wp-json\/wp\/v2\/users\/1"}],"replies":[{"embeddable":true,"href":"https:\/\/splegowo.pl\/index.php\/wp-json\/wp\/v2\/comments?post=25355"}],"version-history":[{"count":1,"href":"https:\/\/splegowo.pl\/index.php\/wp-json\/wp\/v2\/posts\/25355\/revisions"}],"predecessor-version":[{"id":25357,"href":"https:\/\/splegowo.pl\/index.php\/wp-json\/wp\/v2\/posts\/25355\/revisions\/25357"}],"wp:featuredmedia":[{"embeddable":true,"href":"https:\/\/splegowo.pl\/index.php\/wp-json\/wp\/v2\/media\/25356"}],"wp:attachment":[{"href":"https:\/\/splegowo.pl\/index.php\/wp-json\/wp\/v2\/media?parent=25355"}],"wp:term":[{"taxonomy":"category","embeddable":true,"href":"https:\/\/splegowo.pl\/index.php\/wp-json\/wp\/v2\/categories?post=25355"},{"taxonomy":"post_tag","embeddable":true,"href":"https:\/\/splegowo.pl\/index.php\/wp-json\/wp\/v2\/tags?post=25355"}],"curies":[{"name":"wp","href":"https:\/\/api.w.org\/{rel}","templated":true}]}}