{"id":25319,"date":"2025-05-14T16:59:18","date_gmt":"2025-05-14T14:59:18","guid":{"rendered":"https:\/\/splegowo.pl\/?p=25319"},"modified":"2025-05-14T16:59:18","modified_gmt":"2025-05-14T14:59:18","slug":"7a-w-radio-gdansk-30-04-2025","status":"publish","type":"post","link":"https:\/\/splegowo.pl\/index.php\/2025\/05\/14\/7a-w-radio-gdansk-30-04-2025\/","title":{"rendered":"7A w RADIO GDA\u0143SK &#8211; 30.04.2025"},"content":{"rendered":"\n<p>30 kwietnia uczniowie klasy 7a odwiedzili siedzib\u0119 Radia Gda\u0144sk. Podczas wizyty mieli okazj\u0119 pozna\u0107 prac\u0119 dziennikarzy radiowych. Zwiedzili studia nagraniowe i re\u017cyserskie, obserwowali prac\u0119 realizator\u00f3w d\u017awi\u0119ku oraz poznali zasady tworzenia audycji radiowych. Uczniowie mieli okazj\u0119 obserwowa\u0107 realizacj\u0119 audycji na \u017cywo. Podczas ca\u0142ego pobytu towarzyszy\u0142 nam pracownik Radia Gda\u0144sk, kt\u00f3ry szczeg\u00f3\u0142owo opowiada\u0142 o historii stacji oraz wyzwaniach zwi\u0105zanych z prac\u0105 w mediach. Wizyta w Radio by\u0142a bardzo ciekawa i inspiruj\u0105ca.<\/p>\n\n\n\n<figure class=\"wp-block-gallery has-nested-images columns-default is-cropped wp-block-gallery-1 is-layout-flex\">\n<figure class=\"wp-block-image size-large\"><img decoding=\"async\" loading=\"lazy\" width=\"460\" height=\"1024\" data-id=\"25320\"  src=\"https:\/\/splegowo.pl\/wp-content\/uploads\/2025\/05\/fwd-3_0.jpg\" alt=\"\" class=\"wp-image-25320\" srcset=\"https:\/\/splegowo.pl\/wp-content\/uploads\/2025\/05\/fwd-3_0.jpg 460w, https:\/\/splegowo.pl\/wp-content\/uploads\/2025\/05\/fwd-3_0-135x300.jpg 135w\" sizes=\"(max-width: 460px) 100vw, 460px\" \/><\/figure>\n\n\n\n<figure class=\"wp-block-image size-large\"><img decoding=\"async\" loading=\"lazy\" width=\"460\" height=\"1024\" data-id=\"25321\"  src=\"https:\/\/splegowo.pl\/wp-content\/uploads\/2025\/05\/fwd-3_1.jpg\" alt=\"\" class=\"wp-image-25321\" srcset=\"https:\/\/splegowo.pl\/wp-content\/uploads\/2025\/05\/fwd-3_1.jpg 460w, https:\/\/splegowo.pl\/wp-content\/uploads\/2025\/05\/fwd-3_1-135x300.jpg 135w\" sizes=\"(max-width: 460px) 100vw, 460px\" \/><\/figure>\n\n\n\n<figure class=\"wp-block-image size-large\"><img decoding=\"async\" loading=\"lazy\" width=\"460\" height=\"1024\" data-id=\"25322\"  src=\"https:\/\/splegowo.pl\/wp-content\/uploads\/2025\/05\/fwd-3_2.jpg\" alt=\"\" class=\"wp-image-25322\" srcset=\"https:\/\/splegowo.pl\/wp-content\/uploads\/2025\/05\/fwd-3_2.jpg 460w, https:\/\/splegowo.pl\/wp-content\/uploads\/2025\/05\/fwd-3_2-135x300.jpg 135w\" sizes=\"(max-width: 460px) 100vw, 460px\" \/><\/figure>\n\n\n\n<figure class=\"wp-block-image size-large\"><img decoding=\"async\" loading=\"lazy\" width=\"460\" height=\"1024\" data-id=\"25324\"  src=\"https:\/\/splegowo.pl\/wp-content\/uploads\/2025\/05\/fwd-3_3.jpg\" alt=\"\" class=\"wp-image-25324\" srcset=\"https:\/\/splegowo.pl\/wp-content\/uploads\/2025\/05\/fwd-3_3.jpg 460w, https:\/\/splegowo.pl\/wp-content\/uploads\/2025\/05\/fwd-3_3-135x300.jpg 135w\" sizes=\"(max-width: 460px) 100vw, 460px\" \/><\/figure>\n\n\n\n<figure class=\"wp-block-image size-large\"><img decoding=\"async\" loading=\"lazy\" width=\"1024\" height=\"460\" data-id=\"25323\"  src=\"https:\/\/splegowo.pl\/wp-content\/uploads\/2025\/05\/fwd-3_4.jpg\" alt=\"\" class=\"wp-image-25323\" srcset=\"https:\/\/splegowo.pl\/wp-content\/uploads\/2025\/05\/fwd-3_4.jpg 1024w, https:\/\/splegowo.pl\/wp-content\/uploads\/2025\/05\/fwd-3_4-300x135.jpg 300w, https:\/\/splegowo.pl\/wp-content\/uploads\/2025\/05\/fwd-3_4-768x345.jpg 768w\" sizes=\"(max-width: 1024px) 100vw, 1024px\" \/><\/figure>\n\n\n\n<figure class=\"wp-block-image size-large\"><img decoding=\"async\" loading=\"lazy\" width=\"460\" height=\"1024\" data-id=\"25325\"  src=\"https:\/\/splegowo.pl\/wp-content\/uploads\/2025\/05\/fwd-3_5.jpg\" alt=\"\" class=\"wp-image-25325\" srcset=\"https:\/\/splegowo.pl\/wp-content\/uploads\/2025\/05\/fwd-3_5.jpg 460w, https:\/\/splegowo.pl\/wp-content\/uploads\/2025\/05\/fwd-3_5-135x300.jpg 135w\" sizes=\"(max-width: 460px) 100vw, 460px\" \/><\/figure>\n\n\n\n<figure class=\"wp-block-image size-large\"><img decoding=\"async\" loading=\"lazy\" width=\"1024\" height=\"460\" data-id=\"25327\"  src=\"https:\/\/splegowo.pl\/wp-content\/uploads\/2025\/05\/fwd-3_6.jpg\" alt=\"\" class=\"wp-image-25327\" srcset=\"https:\/\/splegowo.pl\/wp-content\/uploads\/2025\/05\/fwd-3_6.jpg 1024w, https:\/\/splegowo.pl\/wp-content\/uploads\/2025\/05\/fwd-3_6-300x135.jpg 300w, https:\/\/splegowo.pl\/wp-content\/uploads\/2025\/05\/fwd-3_6-768x345.jpg 768w\" sizes=\"(max-width: 1024px) 100vw, 1024px\" \/><\/figure>\n\n\n\n<figure class=\"wp-block-image size-large\"><img decoding=\"async\" loading=\"lazy\" width=\"460\" height=\"1024\" data-id=\"25326\"  src=\"https:\/\/splegowo.pl\/wp-content\/uploads\/2025\/05\/fwd-3_7.jpg\" alt=\"\" class=\"wp-image-25326\" srcset=\"https:\/\/splegowo.pl\/wp-content\/uploads\/2025\/05\/fwd-3_7.jpg 460w, https:\/\/splegowo.pl\/wp-content\/uploads\/2025\/05\/fwd-3_7-135x300.jpg 135w\" sizes=\"(max-width: 460px) 100vw, 460px\" \/><\/figure>\n\n\n\n<figure class=\"wp-block-image size-large\"><img decoding=\"async\" loading=\"lazy\" width=\"460\" height=\"1024\" data-id=\"25328\"  src=\"https:\/\/splegowo.pl\/wp-content\/uploads\/2025\/05\/fwd-3_8.jpg\" alt=\"\" class=\"wp-image-25328\" srcset=\"https:\/\/splegowo.pl\/wp-content\/uploads\/2025\/05\/fwd-3_8.jpg 460w, https:\/\/splegowo.pl\/wp-content\/uploads\/2025\/05\/fwd-3_8-135x300.jpg 135w\" sizes=\"(max-width: 460px) 100vw, 460px\" \/><\/figure>\n<\/figure>\n","protected":false},"excerpt":{"rendered":"<p>30 kwietnia uczniowie klasy 7a odwiedzili siedzib\u0119 Radia Gda\u0144sk. Podczas wizyty mieli okazj\u0119 pozna\u0107 prac\u0119 dziennikarzy radiowych. Zwiedzili studia nagraniowe &hellip; <\/p>\n","protected":false},"author":1,"featured_media":25328,"comment_status":"closed","ping_status":"open","sticky":false,"template":"","format":"standard","meta":[],"categories":[62],"tags":[],"_links":{"self":[{"href":"https:\/\/splegowo.pl\/index.php\/wp-json\/wp\/v2\/posts\/25319"}],"collection":[{"href":"https:\/\/splegowo.pl\/index.php\/wp-json\/wp\/v2\/posts"}],"about":[{"href":"https:\/\/splegowo.pl\/index.php\/wp-json\/wp\/v2\/types\/post"}],"author":[{"embeddable":true,"href":"https:\/\/splegowo.pl\/index.php\/wp-json\/wp\/v2\/users\/1"}],"replies":[{"embeddable":true,"href":"https:\/\/splegowo.pl\/index.php\/wp-json\/wp\/v2\/comments?post=25319"}],"version-history":[{"count":1,"href":"https:\/\/splegowo.pl\/index.php\/wp-json\/wp\/v2\/posts\/25319\/revisions"}],"predecessor-version":[{"id":25329,"href":"https:\/\/splegowo.pl\/index.php\/wp-json\/wp\/v2\/posts\/25319\/revisions\/25329"}],"wp:featuredmedia":[{"embeddable":true,"href":"https:\/\/splegowo.pl\/index.php\/wp-json\/wp\/v2\/media\/25328"}],"wp:attachment":[{"href":"https:\/\/splegowo.pl\/index.php\/wp-json\/wp\/v2\/media?parent=25319"}],"wp:term":[{"taxonomy":"category","embeddable":true,"href":"https:\/\/splegowo.pl\/index.php\/wp-json\/wp\/v2\/categories?post=25319"},{"taxonomy":"post_tag","embeddable":true,"href":"https:\/\/splegowo.pl\/index.php\/wp-json\/wp\/v2\/tags?post=25319"}],"curies":[{"name":"wp","href":"https:\/\/api.w.org\/{rel}","templated":true}]}}