{"id":25136,"date":"2025-04-08T22:07:37","date_gmt":"2025-04-08T20:07:37","guid":{"rendered":"https:\/\/splegowo.pl\/?p=25136"},"modified":"2025-04-27T22:14:29","modified_gmt":"2025-04-27T20:14:29","slug":"gminny-konkurs-matematyczny-08-04-2025","status":"publish","type":"post","link":"https:\/\/splegowo.pl\/index.php\/2025\/04\/08\/gminny-konkurs-matematyczny-08-04-2025\/","title":{"rendered":"Gminny Konkurs Matematyczny &#8211; 08.04.2025"},"content":{"rendered":"\n<p>8 kwietnia odby\u0142 si\u0119 Gminny Konkurs Matematyczny, w kt\u00f3rym uczestniczyli uczniowie klas drugich i trzecich szk\u00f3\u0142 podstawowych z terenu Gminy Pruszcz Gda\u0144ski. Reprezentanci szk\u00f3\u0142 zmierzyli si\u0119 z interesuj\u0105cymi zadaniami, wymagaj\u0105cymi zar\u00f3wno szerokiej wiedzy, jak i umiej\u0119tno\u015bci logicznego my\u015blenia. Nasz\u0105 szko\u0142\u0119 godnie reprezentowali: Antoni Kasperek z klasy II, kt\u00f3ry zdoby\u0142 III miejsce oraz Mateusz Balcewicz z klasy III. Serdecznie gratulujemy zwyci\u0119zcom oraz wszystkim uczestnikom konkursu!<\/p>\n\n\n\n<figure class=\"wp-block-gallery has-nested-images columns-default is-cropped wp-block-gallery-1 is-layout-flex\">\n<figure class=\"wp-block-image size-full\"><img decoding=\"async\" loading=\"lazy\" width=\"461\" height=\"451\" data-id=\"25141\"  src=\"https:\/\/splegowo.pl\/wp-content\/uploads\/2025\/04\/2025_04_08_konk_mat_0-1.jpg\" alt=\"\" class=\"wp-image-25141\" srcset=\"https:\/\/splegowo.pl\/wp-content\/uploads\/2025\/04\/2025_04_08_konk_mat_0-1.jpg 461w, https:\/\/splegowo.pl\/wp-content\/uploads\/2025\/04\/2025_04_08_konk_mat_0-1-300x293.jpg 300w\" sizes=\"(max-width: 461px) 100vw, 461px\" \/><\/figure>\n<\/figure>\n\n\n\n<figure class=\"wp-block-image size-full\"><img decoding=\"async\" loading=\"lazy\" width=\"1024\" height=\"825\" src=\"https:\/\/splegowo.pl\/wp-content\/uploads\/2025\/04\/2025_04_08_konk_mat_1.jpg\" alt=\"\" class=\"wp-image-25140\" srcset=\"https:\/\/splegowo.pl\/wp-content\/uploads\/2025\/04\/2025_04_08_konk_mat_1.jpg 1024w, https:\/\/splegowo.pl\/wp-content\/uploads\/2025\/04\/2025_04_08_konk_mat_1-300x242.jpg 300w, https:\/\/splegowo.pl\/wp-content\/uploads\/2025\/04\/2025_04_08_konk_mat_1-768x619.jpg 768w\" sizes=\"(max-width: 1024px) 100vw, 1024px\" \/><\/figure>\n","protected":false},"excerpt":{"rendered":"<p>8 kwietnia odby\u0142 si\u0119 Gminny Konkurs Matematyczny, w kt\u00f3rym uczestniczyli uczniowie klas drugich i trzecich szk\u00f3\u0142 podstawowych z terenu Gminy &hellip; <\/p>\n","protected":false},"author":1,"featured_media":25140,"comment_status":"closed","ping_status":"open","sticky":false,"template":"","format":"standard","meta":[],"categories":[62],"tags":[],"_links":{"self":[{"href":"https:\/\/splegowo.pl\/index.php\/wp-json\/wp\/v2\/posts\/25136"}],"collection":[{"href":"https:\/\/splegowo.pl\/index.php\/wp-json\/wp\/v2\/posts"}],"about":[{"href":"https:\/\/splegowo.pl\/index.php\/wp-json\/wp\/v2\/types\/post"}],"author":[{"embeddable":true,"href":"https:\/\/splegowo.pl\/index.php\/wp-json\/wp\/v2\/users\/1"}],"replies":[{"embeddable":true,"href":"https:\/\/splegowo.pl\/index.php\/wp-json\/wp\/v2\/comments?post=25136"}],"version-history":[{"count":1,"href":"https:\/\/splegowo.pl\/index.php\/wp-json\/wp\/v2\/posts\/25136\/revisions"}],"predecessor-version":[{"id":25142,"href":"https:\/\/splegowo.pl\/index.php\/wp-json\/wp\/v2\/posts\/25136\/revisions\/25142"}],"wp:featuredmedia":[{"embeddable":true,"href":"https:\/\/splegowo.pl\/index.php\/wp-json\/wp\/v2\/media\/25140"}],"wp:attachment":[{"href":"https:\/\/splegowo.pl\/index.php\/wp-json\/wp\/v2\/media?parent=25136"}],"wp:term":[{"taxonomy":"category","embeddable":true,"href":"https:\/\/splegowo.pl\/index.php\/wp-json\/wp\/v2\/categories?post=25136"},{"taxonomy":"post_tag","embeddable":true,"href":"https:\/\/splegowo.pl\/index.php\/wp-json\/wp\/v2\/tags?post=25136"}],"curies":[{"name":"wp","href":"https:\/\/api.w.org\/{rel}","templated":true}]}}