{"id":25039,"date":"2025-04-17T08:44:39","date_gmt":"2025-04-17T06:44:39","guid":{"rendered":"https:\/\/splegowo.pl\/?p=25039"},"modified":"2025-04-17T08:44:39","modified_gmt":"2025-04-17T06:44:39","slug":"zyczenia-wielkanocne-2","status":"publish","type":"post","link":"https:\/\/splegowo.pl\/index.php\/2025\/04\/17\/zyczenia-wielkanocne-2\/","title":{"rendered":"\u017byczenia Wielkanocne"},"content":{"rendered":"\n<p>Z okazji \u015awi\u0105t Wielkanocnych \u017cyczymy ca\u0142ej naszej szkolnej spo\u0142eczno\u015bci \u2013 uczniom, rodzicom i sympatykom szko\u0142y:<br>\ud83c\udf3c Nadziei, kt\u00f3ra rozkwita jak wiosenne kwiaty,<br>\ud83e\udd5a Rado\u015bci p\u0142yn\u0105cej z rodzinnych spotka\u0144 i \u015bwi\u0105tecznych tradycji,<br>\ud83d\udc23 Spokoju i wytchnienia, kt\u00f3re pozwol\u0105 nabra\u0107 si\u0142,<br>\ud83c\udf1e Zdrowia oraz energii, by ka\u017cdy dzie\u0144 by\u0142 pe\u0142en dobra i pi\u0119knych do\u015bwiadcze\u0144.<\/p>\n\n\n\n<p>Niech wielkanocna rado\u015b\u0107 roz\u015bwietli Wasze domy, a nadchodz\u0105ca wiosna przyniesie nowe mo\u017cliwo\u015bci i spe\u0142nienie marze\u0144!<br><strong>Pi\u0119knych \u015awi\u0105t Zmartwychwstania Pa\u0144skiego!<\/strong><br>Dyrekcja, nauczyciele i pracownicy szko\u0142y \ud83c\udf38<\/p>\n\n\n\n<figure class=\"wp-block-image size-large\"><img decoding=\"async\" loading=\"lazy\" width=\"1024\" height=\"683\" src=\"https:\/\/splegowo.pl\/wp-content\/uploads\/2025\/04\/Obrazek-wielkanocny-1-1024x683.png\" alt=\"\" class=\"wp-image-25042\" srcset=\"https:\/\/splegowo.pl\/wp-content\/uploads\/2025\/04\/Obrazek-wielkanocny-1-1024x683.png 1024w, https:\/\/splegowo.pl\/wp-content\/uploads\/2025\/04\/Obrazek-wielkanocny-1-300x200.png 300w, https:\/\/splegowo.pl\/wp-content\/uploads\/2025\/04\/Obrazek-wielkanocny-1-768x512.png 768w, https:\/\/splegowo.pl\/wp-content\/uploads\/2025\/04\/Obrazek-wielkanocny-1-370x247.png 370w, https:\/\/splegowo.pl\/wp-content\/uploads\/2025\/04\/Obrazek-wielkanocny-1.png 1536w\" sizes=\"(max-width: 1024px) 100vw, 1024px\" \/><\/figure>\n\n\n\n<hr class=\"wp-block-separator has-alpha-channel-opacity\"\/>\n","protected":false},"excerpt":{"rendered":"<p>Z okazji \u015awi\u0105t Wielkanocnych \u017cyczymy ca\u0142ej naszej szkolnej spo\u0142eczno\u015bci \u2013 uczniom, rodzicom i sympatykom szko\u0142y:\ud83c\udf3c Nadziei, kt\u00f3ra rozkwita jak wiosenne &hellip; <\/p>\n","protected":false},"author":8,"featured_media":25040,"comment_status":"closed","ping_status":"open","sticky":false,"template":"","format":"standard","meta":[],"categories":[1],"tags":[],"_links":{"self":[{"href":"https:\/\/splegowo.pl\/index.php\/wp-json\/wp\/v2\/posts\/25039"}],"collection":[{"href":"https:\/\/splegowo.pl\/index.php\/wp-json\/wp\/v2\/posts"}],"about":[{"href":"https:\/\/splegowo.pl\/index.php\/wp-json\/wp\/v2\/types\/post"}],"author":[{"embeddable":true,"href":"https:\/\/splegowo.pl\/index.php\/wp-json\/wp\/v2\/users\/8"}],"replies":[{"embeddable":true,"href":"https:\/\/splegowo.pl\/index.php\/wp-json\/wp\/v2\/comments?post=25039"}],"version-history":[{"count":2,"href":"https:\/\/splegowo.pl\/index.php\/wp-json\/wp\/v2\/posts\/25039\/revisions"}],"predecessor-version":[{"id":25043,"href":"https:\/\/splegowo.pl\/index.php\/wp-json\/wp\/v2\/posts\/25039\/revisions\/25043"}],"wp:featuredmedia":[{"embeddable":true,"href":"https:\/\/splegowo.pl\/index.php\/wp-json\/wp\/v2\/media\/25040"}],"wp:attachment":[{"href":"https:\/\/splegowo.pl\/index.php\/wp-json\/wp\/v2\/media?parent=25039"}],"wp:term":[{"taxonomy":"category","embeddable":true,"href":"https:\/\/splegowo.pl\/index.php\/wp-json\/wp\/v2\/categories?post=25039"},{"taxonomy":"post_tag","embeddable":true,"href":"https:\/\/splegowo.pl\/index.php\/wp-json\/wp\/v2\/tags?post=25039"}],"curies":[{"name":"wp","href":"https:\/\/api.w.org\/{rel}","templated":true}]}}