{"id":24874,"date":"2025-03-31T18:09:00","date_gmt":"2025-03-31T16:09:00","guid":{"rendered":"https:\/\/splegowo.pl\/?p=24874"},"modified":"2025-04-05T01:11:29","modified_gmt":"2025-04-04T23:11:29","slug":"swieto-muffinki-w-legowie","status":"publish","type":"post","link":"https:\/\/splegowo.pl\/index.php\/2025\/03\/31\/swieto-muffinki-w-legowie\/","title":{"rendered":"\u00a0\u015aWI\u0118TO MUFFINKI w \u0141\u0119gowie!\u00a0"},"content":{"rendered":"\n<p><br><strong>31 marca<\/strong>\u00a0obchodzili\u015bmy w naszej szkole\u00a0<strong>\u015awi\u0119to Muffinki<\/strong>\u00a0\u2013 dzie\u0144 pe\u0142en s\u0142odyczy, u\u015bmiechu i fantastycznej atmosfery!<\/p>\n\n\n\n<p>Z tej okazji odby\u0142 si\u0119\u00a0<strong>pyszny kiermasz babeczek<\/strong>, kt\u00f3ry przyci\u0105gn\u0105\u0142 t\u0142umy smakoszy. Wszystkie wypieki \u2013 prawdziwe ma\u0142e dzie\u0142a sztuki \u2013 by\u0142y absolutnie przepyszne i\u2026 rozesz\u0142y si\u0119 w mgnieniu oka! <\/p>\n\n\n\n<p><strong>Ogromne podzi\u0119kowania<\/strong>\u00a0kierujemy do naszych\u00a0<strong>wspania\u0142ych uczni\u00f3w<\/strong>\u00a0za kreatywno\u015b\u0107 i zaanga\u017cowanie, a tak\u017ce do\u00a0<strong>rodzic\u00f3w<\/strong>, bez kt\u00f3rych to wydarzenie nie by\u0142oby mo\u017cliwe! Dzi\u0119kujemy za wsparcie, czas, serce w\u0142o\u017cone w przygotowanie muffinek oraz pomoc w organizacji kiermaszu.\u00a0<strong>Wasza obecno\u015b\u0107 i zaanga\u017cowanie s\u0105 dla nas bezcenne!<\/strong><\/p>\n\n\n\n<p><em>P.S. Najwi\u0119kszym hitem by\u0142y babeczki od mamy z klasy 1c \u2013 znikn\u0119\u0142y tak szybko, \u017ce nawet wychowawczyni tej klasy i organizatorka nie zd\u0105\u017cy\u0142y ich spr\u00f3bowa\u0107, ani zrobi\u0107 zdj\u0119cia!<\/em>\u00a0<\/p>\n\n\n\n<p>Doch\u00f3d ze sprzeda\u017cy zostanie przeznaczony na potrzeby\u00a0<strong>samorz\u0105du uczniowskiego<\/strong>, kt\u00f3ry \u2013 jak sam zapowiedzia\u0142 \u2013\u00a0<strong>w ko\u0144cu zakupi sw\u00f3j w\u0142asny stojak do wywieszania t\u0142a na akademie.<\/strong>\u00a0<\/p>\n\n\n\n<p>To by\u0142 dzie\u0144 pe\u0142en s\u0142odko\u015bci, u\u015bmiechu i dobrej energii \u2013\u00a0<strong>dzi\u0119kujemy, \u017ce byli\u015bcie z nami!<\/strong>\u00a0<\/p>\n\n\n\n<hr class=\"wp-block-separator has-alpha-channel-opacity\"\/>\n\n\n\n<figure class=\"wp-block-gallery has-nested-images columns-default is-cropped wp-block-gallery-1 is-layout-flex\">\n<figure class=\"wp-block-image size-large\"><img decoding=\"async\" loading=\"lazy\" width=\"939\" height=\"704\" data-id=\"24876\"  src=\"https:\/\/splegowo.pl\/wp-content\/uploads\/2025\/04\/IMG_2723.jpg\" alt=\"\" class=\"wp-image-24876\" srcset=\"https:\/\/splegowo.pl\/wp-content\/uploads\/2025\/04\/IMG_2723.jpg 939w, https:\/\/splegowo.pl\/wp-content\/uploads\/2025\/04\/IMG_2723-300x225.jpg 300w, https:\/\/splegowo.pl\/wp-content\/uploads\/2025\/04\/IMG_2723-768x576.jpg 768w\" sizes=\"(max-width: 939px) 100vw, 939px\" \/><\/figure>\n\n\n\n<figure class=\"wp-block-image size-large\"><img decoding=\"async\" loading=\"lazy\" width=\"586\" height=\"781\" data-id=\"24875\"  src=\"https:\/\/splegowo.pl\/wp-content\/uploads\/2025\/04\/IMG_2724.jpg\" alt=\"\" class=\"wp-image-24875\" srcset=\"https:\/\/splegowo.pl\/wp-content\/uploads\/2025\/04\/IMG_2724.jpg 586w, https:\/\/splegowo.pl\/wp-content\/uploads\/2025\/04\/IMG_2724-225x300.jpg 225w\" sizes=\"(max-width: 586px) 100vw, 586px\" \/><\/figure>\n\n\n\n<figure class=\"wp-block-image size-large\"><img decoding=\"async\" loading=\"lazy\" width=\"1024\" height=\"576\" data-id=\"24878\"  src=\"https:\/\/splegowo.pl\/wp-content\/uploads\/2025\/04\/IMG_2725-1024x576.jpg\" alt=\"\" class=\"wp-image-24878\" srcset=\"https:\/\/splegowo.pl\/wp-content\/uploads\/2025\/04\/IMG_2725-1024x576.jpg 1024w, https:\/\/splegowo.pl\/wp-content\/uploads\/2025\/04\/IMG_2725-300x169.jpg 300w, https:\/\/splegowo.pl\/wp-content\/uploads\/2025\/04\/IMG_2725-768x432.jpg 768w, https:\/\/splegowo.pl\/wp-content\/uploads\/2025\/04\/IMG_2725.jpg 1047w\" sizes=\"(max-width: 1024px) 100vw, 1024px\" \/><\/figure>\n\n\n\n<figure class=\"wp-block-image size-large\"><img decoding=\"async\" loading=\"lazy\" width=\"768\" height=\"1024\" data-id=\"24877\"  src=\"https:\/\/splegowo.pl\/wp-content\/uploads\/2025\/04\/IMG_2726-768x1024.jpg\" alt=\"\" class=\"wp-image-24877\" srcset=\"https:\/\/splegowo.pl\/wp-content\/uploads\/2025\/04\/IMG_2726-768x1024.jpg 768w, https:\/\/splegowo.pl\/wp-content\/uploads\/2025\/04\/IMG_2726-225x300.jpg 225w, https:\/\/splegowo.pl\/wp-content\/uploads\/2025\/04\/IMG_2726-1152x1536.jpg 1152w, https:\/\/splegowo.pl\/wp-content\/uploads\/2025\/04\/IMG_2726.jpg 1200w\" sizes=\"(max-width: 768px) 100vw, 768px\" \/><\/figure>\n\n\n\n<figure class=\"wp-block-image size-large\"><img decoding=\"async\" loading=\"lazy\" width=\"1024\" height=\"1024\" data-id=\"24879\"  src=\"https:\/\/splegowo.pl\/wp-content\/uploads\/2025\/04\/IMG_2729-1024x1024.jpg\" alt=\"\" class=\"wp-image-24879\" srcset=\"https:\/\/splegowo.pl\/wp-content\/uploads\/2025\/04\/IMG_2729-1024x1024.jpg 1024w, https:\/\/splegowo.pl\/wp-content\/uploads\/2025\/04\/IMG_2729-300x300.jpg 300w, https:\/\/splegowo.pl\/wp-content\/uploads\/2025\/04\/IMG_2729-150x150.jpg 150w, https:\/\/splegowo.pl\/wp-content\/uploads\/2025\/04\/IMG_2729-768x768.jpg 768w, https:\/\/splegowo.pl\/wp-content\/uploads\/2025\/04\/IMG_2729-1536x1536.jpg 1536w, https:\/\/splegowo.pl\/wp-content\/uploads\/2025\/04\/IMG_2729-70x70.jpg 70w, https:\/\/splegowo.pl\/wp-content\/uploads\/2025\/04\/IMG_2729-246x246.jpg 246w, https:\/\/splegowo.pl\/wp-content\/uploads\/2025\/04\/IMG_2729-276x276.jpg 276w, https:\/\/splegowo.pl\/wp-content\/uploads\/2025\/04\/IMG_2729-125x125.jpg 125w, https:\/\/splegowo.pl\/wp-content\/uploads\/2025\/04\/IMG_2729.jpg 2048w\" sizes=\"(max-width: 1024px) 100vw, 1024px\" \/><\/figure>\n<\/figure>\n\n\n\n<hr class=\"wp-block-separator has-alpha-channel-opacity\"\/>\n","protected":false},"excerpt":{"rendered":"<p>31 marca\u00a0obchodzili\u015bmy w naszej szkole\u00a0\u015awi\u0119to Muffinki\u00a0\u2013 dzie\u0144 pe\u0142en s\u0142odyczy, u\u015bmiechu i fantastycznej atmosfery! Z tej okazji odby\u0142 si\u0119\u00a0pyszny kiermasz babeczek, &hellip; <\/p>\n","protected":false},"author":8,"featured_media":24880,"comment_status":"closed","ping_status":"open","sticky":false,"template":"","format":"standard","meta":[],"categories":[62],"tags":[],"_links":{"self":[{"href":"https:\/\/splegowo.pl\/index.php\/wp-json\/wp\/v2\/posts\/24874"}],"collection":[{"href":"https:\/\/splegowo.pl\/index.php\/wp-json\/wp\/v2\/posts"}],"about":[{"href":"https:\/\/splegowo.pl\/index.php\/wp-json\/wp\/v2\/types\/post"}],"author":[{"embeddable":true,"href":"https:\/\/splegowo.pl\/index.php\/wp-json\/wp\/v2\/users\/8"}],"replies":[{"embeddable":true,"href":"https:\/\/splegowo.pl\/index.php\/wp-json\/wp\/v2\/comments?post=24874"}],"version-history":[{"count":2,"href":"https:\/\/splegowo.pl\/index.php\/wp-json\/wp\/v2\/posts\/24874\/revisions"}],"predecessor-version":[{"id":24882,"href":"https:\/\/splegowo.pl\/index.php\/wp-json\/wp\/v2\/posts\/24874\/revisions\/24882"}],"wp:featuredmedia":[{"embeddable":true,"href":"https:\/\/splegowo.pl\/index.php\/wp-json\/wp\/v2\/media\/24880"}],"wp:attachment":[{"href":"https:\/\/splegowo.pl\/index.php\/wp-json\/wp\/v2\/media?parent=24874"}],"wp:term":[{"taxonomy":"category","embeddable":true,"href":"https:\/\/splegowo.pl\/index.php\/wp-json\/wp\/v2\/categories?post=24874"},{"taxonomy":"post_tag","embeddable":true,"href":"https:\/\/splegowo.pl\/index.php\/wp-json\/wp\/v2\/tags?post=24874"}],"curies":[{"name":"wp","href":"https:\/\/api.w.org\/{rel}","templated":true}]}}