{"id":24805,"date":"2025-03-31T23:34:23","date_gmt":"2025-03-31T21:34:23","guid":{"rendered":"https:\/\/splegowo.pl\/?p=24805"},"modified":"2025-04-01T23:36:05","modified_gmt":"2025-04-01T21:36:05","slug":"konkurs-szkolny-flagi-swiata-5-31-03-2025","status":"publish","type":"post","link":"https:\/\/splegowo.pl\/index.php\/2025\/03\/31\/konkurs-szkolny-flagi-swiata-5-31-03-2025\/","title":{"rendered":"Konkurs szkolny &#8222;Flagi \u015bwiata 5&#8221; &#8211; 31.03.2025"},"content":{"rendered":"\n<p>Zapraszam do udzia\u0142u w pi\u0105tej edycji konkursu rozpoznawania flag&nbsp; kraj\u00f3w ca\u0142ego \u015bwiata.<\/p>\n\n\n\n<p>W konkursie mog\u0105 wzi\u0105\u0107 udzia\u0142 wszyscy ch\u0119tni uczniowie z klas od czwartych do \u00f3smych. Je\u015bli uczniowie m\u0142odsi (z klas 0-3) chcieliby rywalizowa\u0107, prosz\u0119 o informacj\u0119 na:&nbsp;<a href=\"mailto:jote@splegowo.pl\" rel=\"noreferrer noopener\" target=\"_blank\">jote@splegowo.pl<\/a><\/p>\n\n\n\n<ul>\n<li>Zapisy do 8 kwietnia 2025r., w tabeli&nbsp; udost\u0119pnionej na dysku Google.<\/li>\n\n\n\n<li>Konkurs rozegrany zostanie w aplikacji Kahoot na telefonach kom\u00f3rkowych lub tabletach uczni\u00f3w.<\/li>\n\n\n\n<li>Eliminacje odb\u0119d\u0105 si\u0119 w czwartek 10 kwietnia o 14.00. Do fina\u0142u przejdzie 20 os\u00f3b z najlepszymi wynikami.<\/li>\n\n\n\n<li>Fina\u0142 odb\u0119dzie si\u0119 8 maja 2025r.<\/li>\n<\/ul>\n\n\n\n<p>Nagrody:<\/p>\n\n\n\n<ul>\n<li>I miejsce \u2013 ksi\u0105\u017cka podr\u00f3\u017cnicza, 6 z geografii -wagi 3, kultowy d\u0142ugopis, presti\u017c;)<\/li>\n\n\n\n<li>II miejsce \u2013&nbsp;&nbsp;ksi\u0105\u017cka podr\u00f3\u017cnicza,&nbsp;6 z geografii -wagi 2, kultowy d\u0142ugopis, presti\u017c;)<\/li>\n\n\n\n<li>III miejsce \u2013&nbsp;ksi\u0105\u017cka podr\u00f3\u017cnicza,&nbsp;5 z geografii wagi 3, kultowy d\u0142ugopis, presti\u017c;)<\/li>\n<\/ul>\n","protected":false},"excerpt":{"rendered":"<p>Zapraszam do udzia\u0142u w pi\u0105tej edycji konkursu rozpoznawania flag&nbsp; kraj\u00f3w ca\u0142ego \u015bwiata. W konkursie mog\u0105 wzi\u0105\u0107 udzia\u0142 wszyscy ch\u0119tni uczniowie &hellip; <\/p>\n","protected":false},"author":1,"featured_media":24806,"comment_status":"closed","ping_status":"open","sticky":false,"template":"","format":"standard","meta":[],"categories":[62,34],"tags":[],"_links":{"self":[{"href":"https:\/\/splegowo.pl\/index.php\/wp-json\/wp\/v2\/posts\/24805"}],"collection":[{"href":"https:\/\/splegowo.pl\/index.php\/wp-json\/wp\/v2\/posts"}],"about":[{"href":"https:\/\/splegowo.pl\/index.php\/wp-json\/wp\/v2\/types\/post"}],"author":[{"embeddable":true,"href":"https:\/\/splegowo.pl\/index.php\/wp-json\/wp\/v2\/users\/1"}],"replies":[{"embeddable":true,"href":"https:\/\/splegowo.pl\/index.php\/wp-json\/wp\/v2\/comments?post=24805"}],"version-history":[{"count":1,"href":"https:\/\/splegowo.pl\/index.php\/wp-json\/wp\/v2\/posts\/24805\/revisions"}],"predecessor-version":[{"id":24807,"href":"https:\/\/splegowo.pl\/index.php\/wp-json\/wp\/v2\/posts\/24805\/revisions\/24807"}],"wp:featuredmedia":[{"embeddable":true,"href":"https:\/\/splegowo.pl\/index.php\/wp-json\/wp\/v2\/media\/24806"}],"wp:attachment":[{"href":"https:\/\/splegowo.pl\/index.php\/wp-json\/wp\/v2\/media?parent=24805"}],"wp:term":[{"taxonomy":"category","embeddable":true,"href":"https:\/\/splegowo.pl\/index.php\/wp-json\/wp\/v2\/categories?post=24805"},{"taxonomy":"post_tag","embeddable":true,"href":"https:\/\/splegowo.pl\/index.php\/wp-json\/wp\/v2\/tags?post=24805"}],"curies":[{"name":"wp","href":"https:\/\/api.w.org\/{rel}","templated":true}]}}