{"id":24798,"date":"2025-03-28T23:07:44","date_gmt":"2025-03-28T22:07:44","guid":{"rendered":"https:\/\/splegowo.pl\/?p=24798"},"modified":"2025-03-30T23:09:48","modified_gmt":"2025-03-30T21:09:48","slug":"gofrowe-szalenstwo-28-03-2025","status":"publish","type":"post","link":"https:\/\/splegowo.pl\/index.php\/2025\/03\/28\/gofrowe-szalenstwo-28-03-2025\/","title":{"rendered":"Gofrowe szale\u0144stwo &#8211; 28.03.2025"},"content":{"rendered":"\n<p>W pi\u0105tkowe, marcowe popo\u0142udnie k\u00f3\u0142ko taneczno-teatralne postanowi\u0142o uczci\u0107 Dzie\u0144 Gofra, kt\u00f3ry (wed\u0142ug kalendarza) obchodzili\u015bmy we wtorek &#8211; 25 marca. Po ci\u0119\u017ckich pr\u00f3bach i poznaniu nowych uk\u0142ad\u00f3w tanecznych pora na s\u0142odk\u0105 przyjemno\u015b\u0107.<\/p>\n\n\n\n<figure class=\"wp-block-gallery has-nested-images columns-default is-cropped wp-block-gallery-1 is-layout-flex\">\n<figure class=\"wp-block-image size-large\"><img decoding=\"async\" loading=\"lazy\" width=\"1024\" height=\"768\" data-id=\"24799\"  src=\"https:\/\/splegowo.pl\/wp-content\/uploads\/2025\/03\/2025_03_28_gofry_0.jpg\" alt=\"\" class=\"wp-image-24799\" srcset=\"https:\/\/splegowo.pl\/wp-content\/uploads\/2025\/03\/2025_03_28_gofry_0.jpg 1024w, https:\/\/splegowo.pl\/wp-content\/uploads\/2025\/03\/2025_03_28_gofry_0-300x225.jpg 300w, https:\/\/splegowo.pl\/wp-content\/uploads\/2025\/03\/2025_03_28_gofry_0-768x576.jpg 768w\" sizes=\"(max-width: 1024px) 100vw, 1024px\" \/><\/figure>\n\n\n\n<figure class=\"wp-block-image size-large\"><img decoding=\"async\" loading=\"lazy\" width=\"768\" height=\"1024\" data-id=\"24800\"  src=\"https:\/\/splegowo.pl\/wp-content\/uploads\/2025\/03\/2025_03_28_gofry_1.jpg\" alt=\"\" class=\"wp-image-24800\" srcset=\"https:\/\/splegowo.pl\/wp-content\/uploads\/2025\/03\/2025_03_28_gofry_1.jpg 768w, https:\/\/splegowo.pl\/wp-content\/uploads\/2025\/03\/2025_03_28_gofry_1-225x300.jpg 225w\" sizes=\"(max-width: 768px) 100vw, 768px\" \/><\/figure>\n\n\n\n<figure class=\"wp-block-image size-large\"><img decoding=\"async\" loading=\"lazy\" width=\"768\" height=\"1024\" data-id=\"24801\"  src=\"https:\/\/splegowo.pl\/wp-content\/uploads\/2025\/03\/2025_03_28_gofry_2.jpg\" alt=\"\" class=\"wp-image-24801\" srcset=\"https:\/\/splegowo.pl\/wp-content\/uploads\/2025\/03\/2025_03_28_gofry_2.jpg 768w, https:\/\/splegowo.pl\/wp-content\/uploads\/2025\/03\/2025_03_28_gofry_2-225x300.jpg 225w\" sizes=\"(max-width: 768px) 100vw, 768px\" \/><\/figure>\n\n\n\n<figure class=\"wp-block-image size-large\"><img decoding=\"async\" loading=\"lazy\" width=\"768\" height=\"1024\" data-id=\"24803\"  src=\"https:\/\/splegowo.pl\/wp-content\/uploads\/2025\/03\/2025_03_28_gofry_3.jpg\" alt=\"\" class=\"wp-image-24803\" srcset=\"https:\/\/splegowo.pl\/wp-content\/uploads\/2025\/03\/2025_03_28_gofry_3.jpg 768w, https:\/\/splegowo.pl\/wp-content\/uploads\/2025\/03\/2025_03_28_gofry_3-225x300.jpg 225w\" sizes=\"(max-width: 768px) 100vw, 768px\" \/><\/figure>\n\n\n\n<figure class=\"wp-block-image size-large\"><img decoding=\"async\" loading=\"lazy\" width=\"1024\" height=\"768\" data-id=\"24802\"  src=\"https:\/\/splegowo.pl\/wp-content\/uploads\/2025\/03\/2025_03_28_gofry_4.jpg\" alt=\"\" class=\"wp-image-24802\" srcset=\"https:\/\/splegowo.pl\/wp-content\/uploads\/2025\/03\/2025_03_28_gofry_4.jpg 1024w, https:\/\/splegowo.pl\/wp-content\/uploads\/2025\/03\/2025_03_28_gofry_4-300x225.jpg 300w, https:\/\/splegowo.pl\/wp-content\/uploads\/2025\/03\/2025_03_28_gofry_4-768x576.jpg 768w\" sizes=\"(max-width: 1024px) 100vw, 1024px\" \/><\/figure>\n<\/figure>\n","protected":false},"excerpt":{"rendered":"<p>W pi\u0105tkowe, marcowe popo\u0142udnie k\u00f3\u0142ko taneczno-teatralne postanowi\u0142o uczci\u0107 Dzie\u0144 Gofra, kt\u00f3ry (wed\u0142ug kalendarza) obchodzili\u015bmy we wtorek &#8211; 25 marca. Po &hellip; <\/p>\n","protected":false},"author":1,"featured_media":24803,"comment_status":"closed","ping_status":"open","sticky":false,"template":"","format":"standard","meta":[],"categories":[62],"tags":[],"_links":{"self":[{"href":"https:\/\/splegowo.pl\/index.php\/wp-json\/wp\/v2\/posts\/24798"}],"collection":[{"href":"https:\/\/splegowo.pl\/index.php\/wp-json\/wp\/v2\/posts"}],"about":[{"href":"https:\/\/splegowo.pl\/index.php\/wp-json\/wp\/v2\/types\/post"}],"author":[{"embeddable":true,"href":"https:\/\/splegowo.pl\/index.php\/wp-json\/wp\/v2\/users\/1"}],"replies":[{"embeddable":true,"href":"https:\/\/splegowo.pl\/index.php\/wp-json\/wp\/v2\/comments?post=24798"}],"version-history":[{"count":1,"href":"https:\/\/splegowo.pl\/index.php\/wp-json\/wp\/v2\/posts\/24798\/revisions"}],"predecessor-version":[{"id":24804,"href":"https:\/\/splegowo.pl\/index.php\/wp-json\/wp\/v2\/posts\/24798\/revisions\/24804"}],"wp:featuredmedia":[{"embeddable":true,"href":"https:\/\/splegowo.pl\/index.php\/wp-json\/wp\/v2\/media\/24803"}],"wp:attachment":[{"href":"https:\/\/splegowo.pl\/index.php\/wp-json\/wp\/v2\/media?parent=24798"}],"wp:term":[{"taxonomy":"category","embeddable":true,"href":"https:\/\/splegowo.pl\/index.php\/wp-json\/wp\/v2\/categories?post=24798"},{"taxonomy":"post_tag","embeddable":true,"href":"https:\/\/splegowo.pl\/index.php\/wp-json\/wp\/v2\/tags?post=24798"}],"curies":[{"name":"wp","href":"https:\/\/api.w.org\/{rel}","templated":true}]}}