{"id":24314,"date":"2025-03-13T16:57:30","date_gmt":"2025-03-13T15:57:30","guid":{"rendered":"https:\/\/splegowo.pl\/?p=24314"},"modified":"2025-03-13T16:57:30","modified_gmt":"2025-03-13T15:57:30","slug":"xxvi-gminny-konkurs-recytatorski-w-wislince","status":"publish","type":"post","link":"https:\/\/splegowo.pl\/index.php\/2025\/03\/13\/xxvi-gminny-konkurs-recytatorski-w-wislince\/","title":{"rendered":"XXVI Gminny Konkurs Recytatorski w Wi\u015blince"},"content":{"rendered":"\n<p>Nasza uczennica Lena Masternak w XXVI Gminnym Konkursie Recytatorskim zaprezentowa\u0142a si\u0119 znakomicie i zdoby\u0142a I miejsce w swojej kategorii. Poziom konkursu by\u0142 niezwykle wysoki, a jury mia\u0142o trudne zadanie.<\/p>\n\n\n\n<p>Serdeczne gratulacje dla Leny oraz jej rodzic\u00f3w za ten wspania\u0142y sukces! <\/p>\n\n\n\n<p>Wielkie brawa dla wszystkich uczestnik\u00f3w i zwyci\u0119zc\u00f3w \u2013 ka\u017cdy zaprezentowa\u0142 ogromny talent!<\/p>\n\n\n\n<p>Podzi\u0119kowania dla organizator\u00f3w  za niezwykle profesjonalnie przygotowany konkurs i niezwyk\u0142\u0105 atmosfer\u0119 \u2013 to by\u0142o prawdziwe \u015bwi\u0119to pi\u0119knego s\u0142owa! <\/p>\n\n\n\n<figure class=\"wp-block-gallery has-nested-images columns-default is-cropped wp-block-gallery-1 is-layout-flex\">\n<figure class=\"wp-block-image size-large\"><img decoding=\"async\" loading=\"lazy\" width=\"640\" height=\"480\" data-id=\"24315\"  src=\"https:\/\/splegowo.pl\/wp-content\/uploads\/2025\/03\/IMG_2027-Sredni.jpeg\" alt=\"\" class=\"wp-image-24315\" srcset=\"https:\/\/splegowo.pl\/wp-content\/uploads\/2025\/03\/IMG_2027-Sredni.jpeg 640w, https:\/\/splegowo.pl\/wp-content\/uploads\/2025\/03\/IMG_2027-Sredni-300x225.jpeg 300w\" sizes=\"(max-width: 640px) 100vw, 640px\" \/><\/figure>\n\n\n\n<figure class=\"wp-block-image size-large\"><img decoding=\"async\" loading=\"lazy\" width=\"640\" height=\"480\" data-id=\"24316\"  src=\"https:\/\/splegowo.pl\/wp-content\/uploads\/2025\/03\/IMG_2033-Sredni.jpeg\" alt=\"\" class=\"wp-image-24316\" srcset=\"https:\/\/splegowo.pl\/wp-content\/uploads\/2025\/03\/IMG_2033-Sredni.jpeg 640w, https:\/\/splegowo.pl\/wp-content\/uploads\/2025\/03\/IMG_2033-Sredni-300x225.jpeg 300w\" sizes=\"(max-width: 640px) 100vw, 640px\" \/><\/figure>\n\n\n\n<figure class=\"wp-block-image size-large\"><img decoding=\"async\" loading=\"lazy\" width=\"640\" height=\"561\" data-id=\"24317\"  src=\"https:\/\/splegowo.pl\/wp-content\/uploads\/2025\/03\/IMG_2037-Sredni.jpeg\" alt=\"\" class=\"wp-image-24317\" srcset=\"https:\/\/splegowo.pl\/wp-content\/uploads\/2025\/03\/IMG_2037-Sredni.jpeg 640w, https:\/\/splegowo.pl\/wp-content\/uploads\/2025\/03\/IMG_2037-Sredni-300x263.jpeg 300w, https:\/\/splegowo.pl\/wp-content\/uploads\/2025\/03\/IMG_2037-Sredni-570x500.jpeg 570w\" sizes=\"(max-width: 640px) 100vw, 640px\" \/><\/figure>\n\n\n\n<figure class=\"wp-block-image size-large\"><img decoding=\"async\" loading=\"lazy\" width=\"640\" height=\"480\" data-id=\"24318\"  src=\"https:\/\/splegowo.pl\/wp-content\/uploads\/2025\/03\/IMG_2042-Sredni.jpeg\" alt=\"\" class=\"wp-image-24318\" srcset=\"https:\/\/splegowo.pl\/wp-content\/uploads\/2025\/03\/IMG_2042-Sredni.jpeg 640w, https:\/\/splegowo.pl\/wp-content\/uploads\/2025\/03\/IMG_2042-Sredni-300x225.jpeg 300w\" sizes=\"(max-width: 640px) 100vw, 640px\" \/><\/figure>\n\n\n\n<figure class=\"wp-block-image size-large\"><img decoding=\"async\" loading=\"lazy\" width=\"640\" height=\"480\" data-id=\"24319\"  src=\"https:\/\/splegowo.pl\/wp-content\/uploads\/2025\/03\/IMG_2045-Sredni.jpeg\" alt=\"\" class=\"wp-image-24319\" srcset=\"https:\/\/splegowo.pl\/wp-content\/uploads\/2025\/03\/IMG_2045-Sredni.jpeg 640w, https:\/\/splegowo.pl\/wp-content\/uploads\/2025\/03\/IMG_2045-Sredni-300x225.jpeg 300w\" sizes=\"(max-width: 640px) 100vw, 640px\" \/><\/figure>\n<\/figure>\n","protected":false},"excerpt":{"rendered":"<p>Nasza uczennica Lena Masternak w XXVI Gminnym Konkursie Recytatorskim zaprezentowa\u0142a si\u0119 znakomicie i zdoby\u0142a I miejsce w swojej kategorii. Poziom &hellip; <\/p>\n","protected":false},"author":8,"featured_media":24319,"comment_status":"closed","ping_status":"open","sticky":false,"template":"","format":"standard","meta":[],"categories":[34],"tags":[],"_links":{"self":[{"href":"https:\/\/splegowo.pl\/index.php\/wp-json\/wp\/v2\/posts\/24314"}],"collection":[{"href":"https:\/\/splegowo.pl\/index.php\/wp-json\/wp\/v2\/posts"}],"about":[{"href":"https:\/\/splegowo.pl\/index.php\/wp-json\/wp\/v2\/types\/post"}],"author":[{"embeddable":true,"href":"https:\/\/splegowo.pl\/index.php\/wp-json\/wp\/v2\/users\/8"}],"replies":[{"embeddable":true,"href":"https:\/\/splegowo.pl\/index.php\/wp-json\/wp\/v2\/comments?post=24314"}],"version-history":[{"count":2,"href":"https:\/\/splegowo.pl\/index.php\/wp-json\/wp\/v2\/posts\/24314\/revisions"}],"predecessor-version":[{"id":24321,"href":"https:\/\/splegowo.pl\/index.php\/wp-json\/wp\/v2\/posts\/24314\/revisions\/24321"}],"wp:featuredmedia":[{"embeddable":true,"href":"https:\/\/splegowo.pl\/index.php\/wp-json\/wp\/v2\/media\/24319"}],"wp:attachment":[{"href":"https:\/\/splegowo.pl\/index.php\/wp-json\/wp\/v2\/media?parent=24314"}],"wp:term":[{"taxonomy":"category","embeddable":true,"href":"https:\/\/splegowo.pl\/index.php\/wp-json\/wp\/v2\/categories?post=24314"},{"taxonomy":"post_tag","embeddable":true,"href":"https:\/\/splegowo.pl\/index.php\/wp-json\/wp\/v2\/tags?post=24314"}],"curies":[{"name":"wp","href":"https:\/\/api.w.org\/{rel}","templated":true}]}}