{"id":23992,"date":"2025-02-07T21:21:32","date_gmt":"2025-02-07T20:21:32","guid":{"rendered":"https:\/\/splegowo.pl\/?p=23992"},"modified":"2025-02-08T09:04:21","modified_gmt":"2025-02-08T08:04:21","slug":"wyniki-szkolnego-konkursu-fotograficznego-ja-i-moj-sport","status":"publish","type":"post","link":"https:\/\/splegowo.pl\/index.php\/2025\/02\/07\/wyniki-szkolnego-konkursu-fotograficznego-ja-i-moj-sport\/","title":{"rendered":"Wyniki szkolnego konkursu fotograficznego &#8222;Ja i m\u00f3j sport&#8221; &#8211; 07.02.2025\u00a0"},"content":{"rendered":"\n<p>Kategoria klasy 0-3<\/p>\n\n\n\n<p>1. Alicja K. 2c,<\/p>\n\n\n\n<p>2. Mateusz S. 2c,<\/p>\n\n\n\n<p>3. Hanna \u017b. 2a,<\/p>\n\n\n\n<p>wyr\u00f3\u017cnienia: Mike E. 1b, Martyna S. 3c, Ada H. 0a, Lena \u017b. 1a.<\/p>\n\n\n\n<p>Kategoria klasy 4-8<\/p>\n\n\n\n<p>1. Micha\u0142 G. 8a,<\/p>\n\n\n\n<p>2. Szymon C. 4b,<\/p>\n\n\n\n<p>3. Hubert P. 8b,<\/p>\n\n\n\n<p>wyr\u00f3\u017cnienia:&nbsp; Aleksandra G. 8a, Martyna P. 8a, Mateusz K. 7b.<\/p>\n\n\n\n<p>Rozdanie nagr\u00f3d nast\u0105pi w przysz\u0142ym tygodniu.<\/p>\n\n\n\n<p>Zwyci\u0119zcom gratulujemy!&nbsp;<\/p>\n\n\n\n<figure class=\"wp-block-image size-large\"><img decoding=\"async\" loading=\"lazy\" width=\"804\" height=\"1024\" src=\"https:\/\/splegowo.pl\/wp-content\/uploads\/2025\/02\/ja-i-moj-sport-804x1024.jpg\" alt=\"\" class=\"wp-image-23993\" srcset=\"https:\/\/splegowo.pl\/wp-content\/uploads\/2025\/02\/ja-i-moj-sport-804x1024.jpg 804w, https:\/\/splegowo.pl\/wp-content\/uploads\/2025\/02\/ja-i-moj-sport-236x300.jpg 236w, https:\/\/splegowo.pl\/wp-content\/uploads\/2025\/02\/ja-i-moj-sport-768x978.jpg 768w, https:\/\/splegowo.pl\/wp-content\/uploads\/2025\/02\/ja-i-moj-sport-1207x1536.jpg 1207w, https:\/\/splegowo.pl\/wp-content\/uploads\/2025\/02\/ja-i-moj-sport-1609x2048.jpg 1609w, https:\/\/splegowo.pl\/wp-content\/uploads\/2025\/02\/ja-i-moj-sport-scaled.jpg 2011w\" sizes=\"(max-width: 804px) 100vw, 804px\" \/><\/figure>\n","protected":false},"excerpt":{"rendered":"<p>Kategoria klasy 0-3 1. Alicja K. 2c, 2. Mateusz S. 2c, 3. Hanna \u017b. 2a, wyr\u00f3\u017cnienia: Mike E. 1b, Martyna &hellip; <\/p>\n","protected":false},"author":1,"featured_media":23993,"comment_status":"closed","ping_status":"open","sticky":false,"template":"","format":"standard","meta":[],"categories":[62],"tags":[],"_links":{"self":[{"href":"https:\/\/splegowo.pl\/index.php\/wp-json\/wp\/v2\/posts\/23992"}],"collection":[{"href":"https:\/\/splegowo.pl\/index.php\/wp-json\/wp\/v2\/posts"}],"about":[{"href":"https:\/\/splegowo.pl\/index.php\/wp-json\/wp\/v2\/types\/post"}],"author":[{"embeddable":true,"href":"https:\/\/splegowo.pl\/index.php\/wp-json\/wp\/v2\/users\/1"}],"replies":[{"embeddable":true,"href":"https:\/\/splegowo.pl\/index.php\/wp-json\/wp\/v2\/comments?post=23992"}],"version-history":[{"count":3,"href":"https:\/\/splegowo.pl\/index.php\/wp-json\/wp\/v2\/posts\/23992\/revisions"}],"predecessor-version":[{"id":24050,"href":"https:\/\/splegowo.pl\/index.php\/wp-json\/wp\/v2\/posts\/23992\/revisions\/24050"}],"wp:featuredmedia":[{"embeddable":true,"href":"https:\/\/splegowo.pl\/index.php\/wp-json\/wp\/v2\/media\/23993"}],"wp:attachment":[{"href":"https:\/\/splegowo.pl\/index.php\/wp-json\/wp\/v2\/media?parent=23992"}],"wp:term":[{"taxonomy":"category","embeddable":true,"href":"https:\/\/splegowo.pl\/index.php\/wp-json\/wp\/v2\/categories?post=23992"},{"taxonomy":"post_tag","embeddable":true,"href":"https:\/\/splegowo.pl\/index.php\/wp-json\/wp\/v2\/tags?post=23992"}],"curies":[{"name":"wp","href":"https:\/\/api.w.org\/{rel}","templated":true}]}}