{"id":23937,"date":"2025-02-04T17:01:52","date_gmt":"2025-02-04T16:01:52","guid":{"rendered":"https:\/\/splegowo.pl\/?p=23937"},"modified":"2025-02-04T17:01:52","modified_gmt":"2025-02-04T16:01:52","slug":"iii-miejsce-w-xxiii-przegladzie-jaselek-i-widowisk-obrzedowych-w-kategorii-szkoly-podstawowe","status":"publish","type":"post","link":"https:\/\/splegowo.pl\/index.php\/2025\/02\/04\/iii-miejsce-w-xxiii-przegladzie-jaselek-i-widowisk-obrzedowych-w-kategorii-szkoly-podstawowe\/","title":{"rendered":"III miejsce\u00a0 w\u00a0XXIII Przegl\u0105dzie Jase\u0142ek i Widowisk Obrz\u0119dowych\u00a0w kategorii:\u00a0szko\u0142y podstawowe!"},"content":{"rendered":"\n<p>Z ogromn\u0105 rado\u015bci\u0105 informujemy , \u017ce przedstawienie jase\u0142kowe, kt\u00f3re przygotowali\u00a0uczniowie klasy<\/p>\n\n\n\n<p> II b \u00a0wraz ze swoj\u0105 wychowawczyni\u0105, Pani\u0105 Agnieszk\u0105 Suchcick\u0105, zdoby\u0142o\u00a0III miejsce\u00a0w\u00a0XXIII Przegl\u0105dzie Jase\u0142ek i Widowisk Obrz\u0119dowych\u00a0w kategorii:\u00a0szko\u0142y podstawowe!<\/p>\n\n\n\n<p>Scenariusz do spektaklu napisa\u0142a nasza emerytowana nauczycielka,\u00a0Pani Teresa Suchcicka.<\/p>\n\n\n\n<p>Serdecznie gratulujemy\u00a0uczniom klasy II,\u00a0Pani Agnieszce Suchcickiej\u00a0oraz\u00a0Pani Teresie Suchcickiej\u00a0za wspania\u0142e przedstawienie i ogromny sukces! <\/p>\n\n\n\n<figure class=\"wp-block-gallery has-nested-images columns-default is-cropped wp-block-gallery-1 is-layout-flex\"><\/figure>\n\n\n\n<figure class=\"wp-block-gallery has-nested-images columns-default is-cropped wp-block-gallery-3 is-layout-flex\">\n<figure class=\"wp-block-image size-large\"><img decoding=\"async\" loading=\"lazy\" width=\"459\" height=\"640\" data-id=\"23939\"  src=\"https:\/\/splegowo.pl\/wp-content\/uploads\/2025\/02\/IMG_1322-2-Sredni-2.jpeg\" alt=\"\" class=\"wp-image-23939\" srcset=\"https:\/\/splegowo.pl\/wp-content\/uploads\/2025\/02\/IMG_1322-2-Sredni-2.jpeg 459w, https:\/\/splegowo.pl\/wp-content\/uploads\/2025\/02\/IMG_1322-2-Sredni-2-215x300.jpeg 215w\" sizes=\"(max-width: 459px) 100vw, 459px\" \/><\/figure>\n<\/figure>\n","protected":false},"excerpt":{"rendered":"<p>Z ogromn\u0105 rado\u015bci\u0105 informujemy , \u017ce przedstawienie jase\u0142kowe, kt\u00f3re przygotowali\u00a0uczniowie klasy II b \u00a0wraz ze swoj\u0105 wychowawczyni\u0105, Pani\u0105 Agnieszk\u0105 Suchcick\u0105, &hellip; <\/p>\n","protected":false},"author":8,"featured_media":23941,"comment_status":"closed","ping_status":"open","sticky":false,"template":"","format":"standard","meta":[],"categories":[1,34],"tags":[],"_links":{"self":[{"href":"https:\/\/splegowo.pl\/index.php\/wp-json\/wp\/v2\/posts\/23937"}],"collection":[{"href":"https:\/\/splegowo.pl\/index.php\/wp-json\/wp\/v2\/posts"}],"about":[{"href":"https:\/\/splegowo.pl\/index.php\/wp-json\/wp\/v2\/types\/post"}],"author":[{"embeddable":true,"href":"https:\/\/splegowo.pl\/index.php\/wp-json\/wp\/v2\/users\/8"}],"replies":[{"embeddable":true,"href":"https:\/\/splegowo.pl\/index.php\/wp-json\/wp\/v2\/comments?post=23937"}],"version-history":[{"count":2,"href":"https:\/\/splegowo.pl\/index.php\/wp-json\/wp\/v2\/posts\/23937\/revisions"}],"predecessor-version":[{"id":23943,"href":"https:\/\/splegowo.pl\/index.php\/wp-json\/wp\/v2\/posts\/23937\/revisions\/23943"}],"wp:featuredmedia":[{"embeddable":true,"href":"https:\/\/splegowo.pl\/index.php\/wp-json\/wp\/v2\/media\/23941"}],"wp:attachment":[{"href":"https:\/\/splegowo.pl\/index.php\/wp-json\/wp\/v2\/media?parent=23937"}],"wp:term":[{"taxonomy":"category","embeddable":true,"href":"https:\/\/splegowo.pl\/index.php\/wp-json\/wp\/v2\/categories?post=23937"},{"taxonomy":"post_tag","embeddable":true,"href":"https:\/\/splegowo.pl\/index.php\/wp-json\/wp\/v2\/tags?post=23937"}],"curies":[{"name":"wp","href":"https:\/\/api.w.org\/{rel}","templated":true}]}}