{"id":23689,"date":"2025-01-13T19:11:43","date_gmt":"2025-01-13T18:11:43","guid":{"rendered":"https:\/\/splegowo.pl\/?p=23689"},"modified":"2025-01-13T19:11:43","modified_gmt":"2025-01-13T18:11:43","slug":"akcja-charytatywna-rodacy-bohaterom","status":"publish","type":"post","link":"https:\/\/splegowo.pl\/index.php\/2025\/01\/13\/akcja-charytatywna-rodacy-bohaterom\/","title":{"rendered":"Akcja  Charytatywna \u201eRodacy Bohaterom&#8221;"},"content":{"rendered":"\n<p>Z przyjemno\u015bci\u0105 informujemy, \u017ce nasza szko\u0142a w\u0142\u0105cza si\u0119 w og\u00f3lnopolsk\u0105 akcj\u0119 charytatywn\u0105<strong> \u201eRodacy Bohaterom&#8221;<\/strong>, kt\u00f3rej celem jest wsparcie Rodak\u00f3w mieszkaj\u0105cych na Kresach. Akcja  polega na zbi\u00f3rce produkt\u00f3w \u017cywno\u015bciowych oraz innych niezb\u0119dnych artyku\u0142\u00f3w, kt\u00f3re zostan\u0105 przekazane osobom potrzebuj\u0105cym.<\/p>\n\n\n\n<p>\u00a0<strong>Termin zbi\u00f3rki:<\/strong>\u00a013.01.2025\u201317.01.2025<br>\u00a0<strong>Miejsce sk\u0142adania paczek:<\/strong>\u00a0sala nr 26<\/p>\n\n\n\n<h3 class=\"wp-block-heading\"><strong>Zbieramy:<\/strong><\/h3>\n\n\n\n<ul>\n<li>produkty spo\u017cywcze: kasze, ry\u017c, makarony, kaw\u0119, herbat\u0119, czekolady, inne s\u0142odycze, owoce w puszce, cukier, konserwy,<\/li>\n\n\n\n<li>chemi\u0119 gospodarcz\u0105 (np. \u015brodki czysto\u015bci),<\/li>\n\n\n\n<li>suplementy diety wspieraj\u0105ce odporno\u015b\u0107.<\/li>\n<\/ul>\n\n\n\n<p><strong>Prosimy, aby ka\u017cda klasa przygotowa\u0142a jedn\u0105 paczk\u0119.<\/strong>\u00a0Harcerze, kt\u00f3rzy dostarcz\u0105 dary do Rodak\u00f3w, zach\u0119caj\u0105 r\u00f3wnie\u017c do wykonania przez dzieci kartek z \u017cyczeniami. Kartki te zostan\u0105 do\u0142\u0105czone do paczek, aby przekaza\u0107 obdarowanym ciep\u0142e s\u0142owa i wsparcie.<\/p>\n\n\n\n<p><strong>Koordynatorem akcji w naszej szkole jest pani Agnieszka Jedamska, pedagog<\/strong>, kt\u00f3ra s\u0142u\u017cy pomoc\u0105 i udziela dodatkowych informacji.<\/p>\n\n\n\n<p>Serdecznie dzi\u0119kujemy wszystkim uczniom, rodzicom, nauczycielom i przyjacio\u0142om szko\u0142y za zaanga\u017cowanie w t\u0119 wa\u017cn\u0105 inicjatyw\u0119. Dzi\u0119ki wsp\u00f3lnym wysi\u0142kom mo\u017cemy sprawi\u0107, \u017ce nadchodz\u0105cy czas b\u0119dzie pe\u0142en nadziei i rado\u015bci dla naszych Rodak\u00f3w.<\/p>\n\n\n\n<hr class=\"wp-block-separator has-alpha-channel-opacity\"\/>\n","protected":false},"excerpt":{"rendered":"<p>Z przyjemno\u015bci\u0105 informujemy, \u017ce nasza szko\u0142a w\u0142\u0105cza si\u0119 w og\u00f3lnopolsk\u0105 akcj\u0119 charytatywn\u0105 \u201eRodacy Bohaterom&#8221;, kt\u00f3rej celem jest wsparcie Rodak\u00f3w mieszkaj\u0105cych &hellip; <\/p>\n","protected":false},"author":8,"featured_media":23690,"comment_status":"closed","ping_status":"open","sticky":false,"template":"","format":"standard","meta":[],"categories":[1],"tags":[],"_links":{"self":[{"href":"https:\/\/splegowo.pl\/index.php\/wp-json\/wp\/v2\/posts\/23689"}],"collection":[{"href":"https:\/\/splegowo.pl\/index.php\/wp-json\/wp\/v2\/posts"}],"about":[{"href":"https:\/\/splegowo.pl\/index.php\/wp-json\/wp\/v2\/types\/post"}],"author":[{"embeddable":true,"href":"https:\/\/splegowo.pl\/index.php\/wp-json\/wp\/v2\/users\/8"}],"replies":[{"embeddable":true,"href":"https:\/\/splegowo.pl\/index.php\/wp-json\/wp\/v2\/comments?post=23689"}],"version-history":[{"count":3,"href":"https:\/\/splegowo.pl\/index.php\/wp-json\/wp\/v2\/posts\/23689\/revisions"}],"predecessor-version":[{"id":23693,"href":"https:\/\/splegowo.pl\/index.php\/wp-json\/wp\/v2\/posts\/23689\/revisions\/23693"}],"wp:featuredmedia":[{"embeddable":true,"href":"https:\/\/splegowo.pl\/index.php\/wp-json\/wp\/v2\/media\/23690"}],"wp:attachment":[{"href":"https:\/\/splegowo.pl\/index.php\/wp-json\/wp\/v2\/media?parent=23689"}],"wp:term":[{"taxonomy":"category","embeddable":true,"href":"https:\/\/splegowo.pl\/index.php\/wp-json\/wp\/v2\/categories?post=23689"},{"taxonomy":"post_tag","embeddable":true,"href":"https:\/\/splegowo.pl\/index.php\/wp-json\/wp\/v2\/tags?post=23689"}],"curies":[{"name":"wp","href":"https:\/\/api.w.org\/{rel}","templated":true}]}}