{"id":23510,"date":"2024-12-10T22:30:20","date_gmt":"2024-12-10T21:30:20","guid":{"rendered":"https:\/\/splegowo.pl\/?p=23510"},"modified":"2024-12-17T22:34:13","modified_gmt":"2024-12-17T21:34:13","slug":"podwojny-sukces-naszych-uczennic-w-xvii-gminnym-konkursie-o-prawach-dziecka-10-12-2024","status":"publish","type":"post","link":"https:\/\/splegowo.pl\/index.php\/2024\/12\/10\/podwojny-sukces-naszych-uczennic-w-xvii-gminnym-konkursie-o-prawach-dziecka-10-12-2024\/","title":{"rendered":"Podw\u00f3jny sukces naszych uczennic w XVII Gminnym Konkursie o Prawach Dziecka! &#8211; 10.12.2024"},"content":{"rendered":"\n<p>Z dum\u0105 informujemy, \u017ce dwie uczennice naszej szko\u0142y odnios\u0142y ogromny sukces w XVII Gminnym Konkursie o Prawach Dziecka pt.&nbsp;<em>\u201ePrawa dziecka moimi oczami\u201d<\/em>.&nbsp;<strong>Klaudia Mielaniuk<\/strong>&nbsp;z klasy 2b oraz&nbsp;<strong>Zuzanna Hebel<\/strong>&nbsp;z klasy 2a zaj\u0119\u0142y&nbsp;<strong>I miejsce<\/strong>&nbsp;w swoich kategoriach, reprezentuj\u0105c nasz\u0105 szko\u0142\u0119 na najwy\u017cszym poziomie.<\/p>\n\n\n\n<p>Konkurs, organizowany przez Szko\u0142\u0119 Podstawow\u0105 im. Romualda Traugutta w Wojanowie, skierowany by\u0142 do uczni\u00f3w klas I-III i mia\u0142 na celu rozwijanie \u015bwiadomo\u015bci dzieci na temat ich praw, a tak\u017ce promowanie kreatywno\u015bci i wra\u017cliwo\u015bci artystycznej.<\/p>\n\n\n\n<p>Cieszymy si\u0119, \u017ce nasze uczennice wykaza\u0142y si\u0119 nie tylko wiedz\u0105 na temat praw dziecka, ale tak\u017ce niezwyk\u0142\u0105 pomys\u0142owo\u015bci\u0105, co zosta\u0142o docenione przez jury konkursu.<\/p>\n\n\n\n<p>Serdecznie gratulujemy Klaudii i Zuzannie tego wspania\u0142ego osi\u0105gni\u0119cia oraz dzi\u0119kujemy im za godne reprezentowanie naszej szko\u0142y.<\/p>\n\n\n\n<p>\u017byczymy Wam dalszych sukces\u00f3w w kolejnych konkursach!<\/p>\n\n\n\n<figure class=\"wp-block-gallery has-nested-images columns-default is-cropped wp-block-gallery-1 is-layout-flex\">\n<figure class=\"wp-block-image size-large\"><img decoding=\"async\" loading=\"lazy\" width=\"1024\" height=\"768\" data-id=\"23511\"  src=\"https:\/\/splegowo.pl\/wp-content\/uploads\/2024\/12\/2024_12_10_prawa_dz_0.jpg\" alt=\"\" class=\"wp-image-23511\" srcset=\"https:\/\/splegowo.pl\/wp-content\/uploads\/2024\/12\/2024_12_10_prawa_dz_0.jpg 1024w, https:\/\/splegowo.pl\/wp-content\/uploads\/2024\/12\/2024_12_10_prawa_dz_0-300x225.jpg 300w, https:\/\/splegowo.pl\/wp-content\/uploads\/2024\/12\/2024_12_10_prawa_dz_0-768x576.jpg 768w\" sizes=\"(max-width: 1024px) 100vw, 1024px\" \/><\/figure>\n\n\n\n<figure class=\"wp-block-image size-large\"><img decoding=\"async\" loading=\"lazy\" width=\"1024\" height=\"768\" data-id=\"23514\"  src=\"https:\/\/splegowo.pl\/wp-content\/uploads\/2024\/12\/2024_12_10_prawa_dz_2.jpg\" alt=\"\" class=\"wp-image-23514\" srcset=\"https:\/\/splegowo.pl\/wp-content\/uploads\/2024\/12\/2024_12_10_prawa_dz_2.jpg 1024w, https:\/\/splegowo.pl\/wp-content\/uploads\/2024\/12\/2024_12_10_prawa_dz_2-300x225.jpg 300w, https:\/\/splegowo.pl\/wp-content\/uploads\/2024\/12\/2024_12_10_prawa_dz_2-768x576.jpg 768w\" sizes=\"(max-width: 1024px) 100vw, 1024px\" \/><\/figure>\n<\/figure>\n\n\n\n<figure class=\"wp-block-gallery has-nested-images columns-default is-cropped wp-block-gallery-3 is-layout-flex\">\n<figure class=\"wp-block-image size-large\"><img decoding=\"async\" loading=\"lazy\" width=\"768\" height=\"1024\" data-id=\"23513\"  src=\"https:\/\/splegowo.pl\/wp-content\/uploads\/2024\/12\/2024_12_10_prawa_dz_3.jpg\" alt=\"\" class=\"wp-image-23513\" srcset=\"https:\/\/splegowo.pl\/wp-content\/uploads\/2024\/12\/2024_12_10_prawa_dz_3.jpg 768w, https:\/\/splegowo.pl\/wp-content\/uploads\/2024\/12\/2024_12_10_prawa_dz_3-225x300.jpg 225w\" sizes=\"(max-width: 768px) 100vw, 768px\" \/><\/figure>\n\n\n\n<figure class=\"wp-block-image size-large\"><img decoding=\"async\" loading=\"lazy\" width=\"768\" height=\"1024\" data-id=\"23512\"  src=\"https:\/\/splegowo.pl\/wp-content\/uploads\/2024\/12\/2024_12_10_prawa_dz_1.jpg\" alt=\"\" class=\"wp-image-23512\" srcset=\"https:\/\/splegowo.pl\/wp-content\/uploads\/2024\/12\/2024_12_10_prawa_dz_1.jpg 768w, https:\/\/splegowo.pl\/wp-content\/uploads\/2024\/12\/2024_12_10_prawa_dz_1-225x300.jpg 225w\" sizes=\"(max-width: 768px) 100vw, 768px\" \/><\/figure>\n<\/figure>\n","protected":false},"excerpt":{"rendered":"<p>Z dum\u0105 informujemy, \u017ce dwie uczennice naszej szko\u0142y odnios\u0142y ogromny sukces w XVII Gminnym Konkursie o Prawach Dziecka pt.&nbsp;\u201ePrawa dziecka &hellip; <\/p>\n","protected":false},"author":1,"featured_media":23514,"comment_status":"closed","ping_status":"open","sticky":false,"template":"","format":"standard","meta":[],"categories":[62],"tags":[],"_links":{"self":[{"href":"https:\/\/splegowo.pl\/index.php\/wp-json\/wp\/v2\/posts\/23510"}],"collection":[{"href":"https:\/\/splegowo.pl\/index.php\/wp-json\/wp\/v2\/posts"}],"about":[{"href":"https:\/\/splegowo.pl\/index.php\/wp-json\/wp\/v2\/types\/post"}],"author":[{"embeddable":true,"href":"https:\/\/splegowo.pl\/index.php\/wp-json\/wp\/v2\/users\/1"}],"replies":[{"embeddable":true,"href":"https:\/\/splegowo.pl\/index.php\/wp-json\/wp\/v2\/comments?post=23510"}],"version-history":[{"count":1,"href":"https:\/\/splegowo.pl\/index.php\/wp-json\/wp\/v2\/posts\/23510\/revisions"}],"predecessor-version":[{"id":23515,"href":"https:\/\/splegowo.pl\/index.php\/wp-json\/wp\/v2\/posts\/23510\/revisions\/23515"}],"wp:featuredmedia":[{"embeddable":true,"href":"https:\/\/splegowo.pl\/index.php\/wp-json\/wp\/v2\/media\/23514"}],"wp:attachment":[{"href":"https:\/\/splegowo.pl\/index.php\/wp-json\/wp\/v2\/media?parent=23510"}],"wp:term":[{"taxonomy":"category","embeddable":true,"href":"https:\/\/splegowo.pl\/index.php\/wp-json\/wp\/v2\/categories?post=23510"},{"taxonomy":"post_tag","embeddable":true,"href":"https:\/\/splegowo.pl\/index.php\/wp-json\/wp\/v2\/tags?post=23510"}],"curies":[{"name":"wp","href":"https:\/\/api.w.org\/{rel}","templated":true}]}}