{"id":22979,"date":"2024-10-31T18:31:09","date_gmt":"2024-10-31T17:31:09","guid":{"rendered":"https:\/\/splegowo.pl\/?p=22979"},"modified":"2024-11-05T21:24:56","modified_gmt":"2024-11-05T20:24:56","slug":"szkolna-spolecznosc-pokazala-swoje-talenty","status":"publish","type":"post","link":"https:\/\/splegowo.pl\/index.php\/2024\/10\/31\/szkolna-spolecznosc-pokazala-swoje-talenty\/","title":{"rendered":"Szkolna spo\u0142eczno\u015b\u0107 pokaza\u0142a swoje talenty!"},"content":{"rendered":"\n<p>Pa\u017adziernik by\u0142 miesi\u0105cem pe\u0142nym kreatywno\u015bci i zaanga\u017cowania. Konkursy &#8222;Czy rozpoznajesz nauczyciela na zdj\u0119ciu z dzieci\u0144stwa&#8221; oraz &#8222;Jesienny stroik z dyni\u0105 w roli g\u0142\u00f3wnej&#8221; pokaza\u0142y, \u017ce w naszej szkole nie brakuje talent\u00f3w!<\/p>\n\n\n\n<p>Dzi\u0119ki hojno\u015bci rodzic\u00f3w uczni\u00f3w naszej szko\u0142y, podczas licytacji prac uda\u0142o nam si\u0119 zebra\u0107 a\u017c 1260 z\u0142 na rzecz Samorz\u0105du Uczniowskiego. To dow\u00f3d na to, \u017ce nasza szkolna spo\u0142eczno\u015b\u0107 jest zgrana i ch\u0119tna do wsp\u00f3lnego dzia\u0142ania.<\/p>\n\n\n\n<p>Uroczyste wr\u0119czenie nagr\u00f3d 29 pa\u017adziernika by\u0142o doskona\u0142\u0105 okazj\u0105 do integracji i \u015bwi\u0119towania naszych wsp\u00f3lnych sukces\u00f3w.<\/p>\n\n\n\n<p><strong><u>Przypominamy zwyci\u0119zc\u00f3w:<\/u><\/strong><\/p>\n\n\n\n<p><em><u>Czy rozpoznajesz nauczyciela na zdj\u0119ciu z dzieci\u0144stwa?<\/u><\/em><\/p>\n\n\n\n<p><strong>ex aequo<\/strong>. Joanna Suchcicka 8A i Maja Paradzewska 8A<\/p>\n\n\n\n<p><em><u>Jesienny stroik z dynia w roli g\u0142\u00f3wnej<\/u><\/em><\/p>\n\n\n\n<ul>\n<li><strong>I miejsce:<\/strong>&nbsp;Martyna M. kl.6c<\/li>\n\n\n\n<li><strong>II miejsce:<\/strong><\/li>\n<\/ul>\n\n\n\n<p>&nbsp;Ja\u015b S. kl.1c<\/p>\n\n\n\n<p>&nbsp;Tobiasz L. kl.8a<\/p>\n\n\n\n<p>&nbsp;Zuzanna H. kl. 2a<\/p>\n\n\n\n<ul>\n<li><strong>III miejsce:<\/strong>&nbsp;Kacper B. kl.4b<\/li>\n<\/ul>\n\n\n\n<p>Zach\u0119camy do obejrzenia relacji z rozdania nagr\u00f3d<\/p>\n\n\n\n<iframe loading=\"lazy\" src=\"https:\/\/drive.google.com\/file\/d\/16hljK3iWE3MP8V7nvzpi_P11tlPfAAhr\/preview\" width=\"640\" height=\"480\" allow=\"autoplay\"><\/iframe>\n","protected":false},"excerpt":{"rendered":"<p>Pa\u017adziernik by\u0142 miesi\u0105cem pe\u0142nym kreatywno\u015bci i zaanga\u017cowania. Konkursy &#8222;Czy rozpoznajesz nauczyciela na zdj\u0119ciu z dzieci\u0144stwa&#8221; oraz &#8222;Jesienny stroik z dyni\u0105 &hellip; <\/p>\n","protected":false},"author":8,"featured_media":22982,"comment_status":"closed","ping_status":"open","sticky":false,"template":"","format":"standard","meta":[],"categories":[62],"tags":[],"_links":{"self":[{"href":"https:\/\/splegowo.pl\/index.php\/wp-json\/wp\/v2\/posts\/22979"}],"collection":[{"href":"https:\/\/splegowo.pl\/index.php\/wp-json\/wp\/v2\/posts"}],"about":[{"href":"https:\/\/splegowo.pl\/index.php\/wp-json\/wp\/v2\/types\/post"}],"author":[{"embeddable":true,"href":"https:\/\/splegowo.pl\/index.php\/wp-json\/wp\/v2\/users\/8"}],"replies":[{"embeddable":true,"href":"https:\/\/splegowo.pl\/index.php\/wp-json\/wp\/v2\/comments?post=22979"}],"version-history":[{"count":1,"href":"https:\/\/splegowo.pl\/index.php\/wp-json\/wp\/v2\/posts\/22979\/revisions"}],"predecessor-version":[{"id":22980,"href":"https:\/\/splegowo.pl\/index.php\/wp-json\/wp\/v2\/posts\/22979\/revisions\/22980"}],"wp:featuredmedia":[{"embeddable":true,"href":"https:\/\/splegowo.pl\/index.php\/wp-json\/wp\/v2\/media\/22982"}],"wp:attachment":[{"href":"https:\/\/splegowo.pl\/index.php\/wp-json\/wp\/v2\/media?parent=22979"}],"wp:term":[{"taxonomy":"category","embeddable":true,"href":"https:\/\/splegowo.pl\/index.php\/wp-json\/wp\/v2\/categories?post=22979"},{"taxonomy":"post_tag","embeddable":true,"href":"https:\/\/splegowo.pl\/index.php\/wp-json\/wp\/v2\/tags?post=22979"}],"curies":[{"name":"wp","href":"https:\/\/api.w.org\/{rel}","templated":true}]}}