{"id":22451,"date":"2024-09-08T14:38:23","date_gmt":"2024-09-08T12:38:23","guid":{"rendered":"https:\/\/splegowo.pl\/?p=22451"},"modified":"2024-10-13T20:22:18","modified_gmt":"2024-10-13T18:22:18","slug":"nowa-era-w-szkole-podstawowej-w-legowie-02-09-2024","status":"publish","type":"post","link":"https:\/\/splegowo.pl\/index.php\/2024\/09\/08\/nowa-era-w-szkole-podstawowej-w-legowie-02-09-2024\/","title":{"rendered":"Nowa era w Szkole Podstawowej w \u0141\u0119gowie! &#8211; 02.09.2024."},"content":{"rendered":"\n<p>Z wielk\u0105 rado\u015bci\u0105 rozpocz\u0119li\u015bmy nowy Rok Szkolny&nbsp;2024\/2025 w Szkole Podstawowej w \u0141\u0119gowie. Uroczysta akademia by\u0142a okazj\u0105 do po\u017cegnania naszej wieloletniej Pani Dyrektor El\u017cbiety Dzia\u0142oszewskiej, kt\u00f3rej dzia\u0142alno\u015b\u0107 na rzecz naszej szko\u0142y zapisa\u0142a si\u0119 z\u0142otymi zg\u0142oskami w historii plac\u00f3wki.<\/p>\n\n\n\n<p>W ciep\u0142ej atmosferze powitali\u015bmy nowego Dyrektora Paw\u0142a Flejszara, kt\u00f3remu \u017cyczymy wielu sukces\u00f3w w pe\u0142nieniu tej odpowiedzialnej funkcji. W symbolicznym ge\u015bcie przekazania ster\u00f3w szko\u0142y, poprzednia Pani Dyrektor wr\u0119czy\u0142a nowemu Dyrektorowi klucz do naszej plac\u00f3wki oraz podkow\u0119 na szcz\u0119\u015bcie.<\/p>\n\n\n\n<p>W uroczysto\u015bci wzi\u0119\u0142a udzia\u0142 Pani Weronika Chmielowiec, W\u00f3jt Gminy Pruszcz Gda\u0144ski, kt\u00f3ra z\u0142o\u017cy\u0142a gratulacje nowemu Dyrektorowi oraz podzi\u0119kowa\u0142a odchodz\u0105cej Pani Dyrektor za lata pracy i zaanga\u017cowania.<\/p>\n\n\n\n<p>Samorz\u0105d Uczniowski, jako wyraz szacunku i uznania dla Pana Dyrektora, przekaza\u0142 pami\u0105tkowe drzewko, kt\u00f3re b\u0119dzie ros\u0142o wraz z nasz\u0105 szko\u0142\u0105.<\/p>\n\n\n\n<p>Jeste\u015bmy przekonani, \u017ce nowy rok szkolny b\u0119dzie dla nas wszystkich czasem nowych wyzwa\u0144, sukces\u00f3w i wspania\u0142ych do\u015bwiadcze\u0144. \u017byczymy sobie wszystkim owocnej pracy i nauki!<\/p>\n\n\n\n<p><a href=\"https:\/\/drive.google.com\/file\/d\/1Bcve8vl8ru5PW1Lqoid6OPeg894f67O0\/view?usp=drive_link\">https:\/\/drive.google.com\/file\/d\/1Bcve8vl8ru5PW1Lqoid6OPeg894f67O0\/view?usp=drive_link<\/a><\/p>\n","protected":false},"excerpt":{"rendered":"<p>Z wielk\u0105 rado\u015bci\u0105 rozpocz\u0119li\u015bmy nowy Rok Szkolny&nbsp;2024\/2025 w Szkole Podstawowej w \u0141\u0119gowie. Uroczysta akademia by\u0142a okazj\u0105 do po\u017cegnania naszej wieloletniej &hellip; <\/p>\n","protected":false},"author":1,"featured_media":0,"comment_status":"closed","ping_status":"open","sticky":false,"template":"","format":"standard","meta":[],"categories":[62],"tags":[],"_links":{"self":[{"href":"https:\/\/splegowo.pl\/index.php\/wp-json\/wp\/v2\/posts\/22451"}],"collection":[{"href":"https:\/\/splegowo.pl\/index.php\/wp-json\/wp\/v2\/posts"}],"about":[{"href":"https:\/\/splegowo.pl\/index.php\/wp-json\/wp\/v2\/types\/post"}],"author":[{"embeddable":true,"href":"https:\/\/splegowo.pl\/index.php\/wp-json\/wp\/v2\/users\/1"}],"replies":[{"embeddable":true,"href":"https:\/\/splegowo.pl\/index.php\/wp-json\/wp\/v2\/comments?post=22451"}],"version-history":[{"count":2,"href":"https:\/\/splegowo.pl\/index.php\/wp-json\/wp\/v2\/posts\/22451\/revisions"}],"predecessor-version":[{"id":22658,"href":"https:\/\/splegowo.pl\/index.php\/wp-json\/wp\/v2\/posts\/22451\/revisions\/22658"}],"wp:attachment":[{"href":"https:\/\/splegowo.pl\/index.php\/wp-json\/wp\/v2\/media?parent=22451"}],"wp:term":[{"taxonomy":"category","embeddable":true,"href":"https:\/\/splegowo.pl\/index.php\/wp-json\/wp\/v2\/categories?post=22451"},{"taxonomy":"post_tag","embeddable":true,"href":"https:\/\/splegowo.pl\/index.php\/wp-json\/wp\/v2\/tags?post=22451"}],"curies":[{"name":"wp","href":"https:\/\/api.w.org\/{rel}","templated":true}]}}