{"id":22449,"date":"2024-09-05T22:39:02","date_gmt":"2024-09-05T20:39:02","guid":{"rendered":"https:\/\/splegowo.pl\/?p=22449"},"modified":"2024-10-13T20:22:35","modified_gmt":"2024-10-13T18:22:35","slug":"etyka-rok-szkolny-2024-2025","status":"publish","type":"post","link":"https:\/\/splegowo.pl\/index.php\/2024\/09\/05\/etyka-rok-szkolny-2024-2025\/","title":{"rendered":"Etyka &#8211; rok szkolny 2024\/2025"},"content":{"rendered":"\n<p>Godziny lekcji etyki dla kl. 1-3 zostan\u0105 ustalone po weryfikacji ilo\u015bci ch\u0119tnych dzieci z poszczeg\u00f3lnych oddzia\u0142\u00f3w.<\/p>\n\n\n\n<p>Zaj\u0119cia dla uczni\u00f3w z klas 4-6 b\u0119d\u0105 odbywa\u0142y si\u0119 w poniedzia\u0142ki o godz. 14.55 (aby mog\u0142a powsta\u0107 grupa musi zapisa\u0107 si\u0119 minimum 7 os\u00f3b). Zainteresowanych zapraszamy do wype\u0142nienia deklaracji (dost\u0119pne u wychowawc\u00f3w i nauczyciela etyki -Marty Gryty).<\/p>\n\n\n\n<p>Uczni\u00f3w z klas 7-8, kt\u00f3rzy chcieliby bra\u0107 udzia\u0142 w lekcjach etyki prosimy o informacj\u0119 do wychowawcy lub do pani Marty Gryty (magr@splegowo.pl lub przez dziennik). Je\u017celi zbierze si\u0119 odpowiednia ilo\u015b\u0107 os\u00f3b, zostanie ustalony termin zaj\u0119\u0107.<\/p>\n","protected":false},"excerpt":{"rendered":"<p>Godziny lekcji etyki dla kl. 1-3 zostan\u0105 ustalone po weryfikacji ilo\u015bci ch\u0119tnych dzieci z poszczeg\u00f3lnych oddzia\u0142\u00f3w. Zaj\u0119cia dla uczni\u00f3w z &hellip; <\/p>\n","protected":false},"author":1,"featured_media":0,"comment_status":"closed","ping_status":"open","sticky":false,"template":"","format":"standard","meta":[],"categories":[62,42],"tags":[],"_links":{"self":[{"href":"https:\/\/splegowo.pl\/index.php\/wp-json\/wp\/v2\/posts\/22449"}],"collection":[{"href":"https:\/\/splegowo.pl\/index.php\/wp-json\/wp\/v2\/posts"}],"about":[{"href":"https:\/\/splegowo.pl\/index.php\/wp-json\/wp\/v2\/types\/post"}],"author":[{"embeddable":true,"href":"https:\/\/splegowo.pl\/index.php\/wp-json\/wp\/v2\/users\/1"}],"replies":[{"embeddable":true,"href":"https:\/\/splegowo.pl\/index.php\/wp-json\/wp\/v2\/comments?post=22449"}],"version-history":[{"count":1,"href":"https:\/\/splegowo.pl\/index.php\/wp-json\/wp\/v2\/posts\/22449\/revisions"}],"predecessor-version":[{"id":22450,"href":"https:\/\/splegowo.pl\/index.php\/wp-json\/wp\/v2\/posts\/22449\/revisions\/22450"}],"wp:attachment":[{"href":"https:\/\/splegowo.pl\/index.php\/wp-json\/wp\/v2\/media?parent=22449"}],"wp:term":[{"taxonomy":"category","embeddable":true,"href":"https:\/\/splegowo.pl\/index.php\/wp-json\/wp\/v2\/categories?post=22449"},{"taxonomy":"post_tag","embeddable":true,"href":"https:\/\/splegowo.pl\/index.php\/wp-json\/wp\/v2\/tags?post=22449"}],"curies":[{"name":"wp","href":"https:\/\/api.w.org\/{rel}","templated":true}]}}