{"id":21999,"date":"2024-04-23T16:45:22","date_gmt":"2024-04-23T14:45:22","guid":{"rendered":"https:\/\/splegowo.pl\/?p=21999"},"modified":"2024-05-12T17:10:18","modified_gmt":"2024-05-12T15:10:18","slug":"obchody-miedzynarodowego-dnia-jezyka-angielskiego","status":"publish","type":"post","link":"https:\/\/splegowo.pl\/index.php\/2024\/04\/23\/obchody-miedzynarodowego-dnia-jezyka-angielskiego\/","title":{"rendered":"Obchody Mi\u0119dzynarodowego Dnia J\u0119zyka Angielskiego"},"content":{"rendered":"\t\t<div data-elementor-type=\"wp-post\" data-elementor-id=\"21999\" class=\"elementor elementor-21999\">\n\t\t\t\t\t\t\t\t\t<section class=\"elementor-section elementor-top-section elementor-element elementor-element-dbbdba1 elementor-section-boxed elementor-section-height-default elementor-section-height-default\" data-id=\"dbbdba1\" data-element_type=\"section\">\n\t\t\t\t\t\t<div class=\"elementor-container elementor-column-gap-default\">\n\t\t\t\t\t<div class=\"elementor-column elementor-col-100 elementor-top-column elementor-element elementor-element-35e1400\" data-id=\"35e1400\" data-element_type=\"column\">\n\t\t\t<div class=\"elementor-widget-wrap elementor-element-populated\">\n\t\t\t\t\t\t\t\t<div class=\"elementor-element elementor-element-c53c383 elementor-widget elementor-widget-text-editor\" data-id=\"c53c383\" data-element_type=\"widget\" data-widget_type=\"text-editor.default\">\n\t\t\t\t<div class=\"elementor-widget-container\">\n\t\t\t\t\t\t\t<p><span style=\"font-weight: 400;\">23 kwietnia zawrza\u0142o \u017cyciem podczas kolorowej celebracji Dnia J\u0119zyka Angielskiego, kt\u00f3ry obchodzony jest w rocznic\u0119 narodzin i \u015bmierci Wiliama Szekspira. Tego dnia zar\u00f3wno uczniowie, jak i nauczyciele zebrali si\u0119, aby uczci\u0107 bogactwo i r\u00f3\u017cnorodno\u015b\u0107 j\u0119zyka angielskiego.<\/span><\/p><p><span style=\"font-weight: 400;\">Na korytarzu szko\u0142y mo\u017cna by\u0142o zobaczy\u0107 pouczaj\u0105c\u0105 prezentacj\u0119, w kt\u00f3rej przedstawiono r\u00f3\u017cne kraje angloj\u0119zyczne na ca\u0142ym \u015bwiecie. Od czaruj\u0105cych krajobraz\u00f3w i symboli Anglii, Kanady, Nowej Zelandii po t\u0119tni\u0105ce \u017cyciem ulice Nowego Jorku. Uczniowie\u00a0 wzi\u0119li udzia\u0142 w quizach z angielskiego s\u0142ownictwa, \u0142ama\u0144cach j\u0119zykowych oraz demonstrowali swoje lingwistyczne zdolno\u015bci i poszerzali\u00a0 horyzonty j\u0119zykowe. Na lekcjach angielskiego uczniowie stworzyli lap booki po\u015bwi\u0119cone eksploracji istoty r\u00f3\u017cnych kraj\u00f3w angloj\u0119zycznych.\u00a0<\/span><\/p><p><span style=\"font-weight: 400;\">W trakcie uroczysto\u015bci b\u0142yska\u0142y aparaty, gdy uczniowie i nauczyciele uwieczniali chwile rado\u015bci i przyja\u017ani. Ka\u017cde zdj\u0119cie uchwyci\u0142o nie tylko u\u015bmiechy, ale tak\u017ce wsp\u00f3ln\u0105 pasj\u0119 do j\u0119zyka angielskiego.<\/span><\/p><p>Zobaczcie, ile rado\u015bci sprawi\u0142o nam wsp\u00f3lne nauka i \u015bwi\u0119towanie.<\/p><ul><li><a href=\"https:\/\/drive.google.com\/file\/d\/1aVYD0udfDRrvRg1GbjfX38ffXUtrLaIQ\/view?usp=share_link\" target=\"_blank\" rel=\"noopener\">Obejrzyj film<\/a><\/li><\/ul>\t\t\t\t\t\t<\/div>\n\t\t\t\t<\/div>\n\t\t\t\t\t<\/div>\n\t\t<\/div>\n\t\t\t\t\t\t\t<\/div>\n\t\t<\/section>\n\t\t\t\t\t\t\t<\/div>\n\t\t","protected":false},"excerpt":{"rendered":"<p>23 kwietnia zawrza\u0142o \u017cyciem podczas kolorowej celebracji Dnia J\u0119zyka Angielskiego, kt\u00f3ry obchodzony jest w rocznic\u0119 narodzin i \u015bmierci Wiliama Szekspira. &hellip; <\/p>\n","protected":false},"author":1,"featured_media":22001,"comment_status":"closed","ping_status":"open","sticky":false,"template":"","format":"standard","meta":[],"categories":[58,1],"tags":[],"_links":{"self":[{"href":"https:\/\/splegowo.pl\/index.php\/wp-json\/wp\/v2\/posts\/21999"}],"collection":[{"href":"https:\/\/splegowo.pl\/index.php\/wp-json\/wp\/v2\/posts"}],"about":[{"href":"https:\/\/splegowo.pl\/index.php\/wp-json\/wp\/v2\/types\/post"}],"author":[{"embeddable":true,"href":"https:\/\/splegowo.pl\/index.php\/wp-json\/wp\/v2\/users\/1"}],"replies":[{"embeddable":true,"href":"https:\/\/splegowo.pl\/index.php\/wp-json\/wp\/v2\/comments?post=21999"}],"version-history":[{"count":7,"href":"https:\/\/splegowo.pl\/index.php\/wp-json\/wp\/v2\/posts\/21999\/revisions"}],"predecessor-version":[{"id":22008,"href":"https:\/\/splegowo.pl\/index.php\/wp-json\/wp\/v2\/posts\/21999\/revisions\/22008"}],"wp:featuredmedia":[{"embeddable":true,"href":"https:\/\/splegowo.pl\/index.php\/wp-json\/wp\/v2\/media\/22001"}],"wp:attachment":[{"href":"https:\/\/splegowo.pl\/index.php\/wp-json\/wp\/v2\/media?parent=21999"}],"wp:term":[{"taxonomy":"category","embeddable":true,"href":"https:\/\/splegowo.pl\/index.php\/wp-json\/wp\/v2\/categories?post=21999"},{"taxonomy":"post_tag","embeddable":true,"href":"https:\/\/splegowo.pl\/index.php\/wp-json\/wp\/v2\/tags?post=21999"}],"curies":[{"name":"wp","href":"https:\/\/api.w.org\/{rel}","templated":true}]}}