{"id":21880,"date":"2024-04-25T18:55:22","date_gmt":"2024-04-25T16:55:22","guid":{"rendered":"https:\/\/splegowo.pl\/?p=21880"},"modified":"2024-04-28T18:57:59","modified_gmt":"2024-04-28T16:57:59","slug":"konferencja-dla-uczniow-nasze-sprawy-kompetencje-miekkie-24-04-2024","status":"publish","type":"post","link":"https:\/\/splegowo.pl\/index.php\/2024\/04\/25\/konferencja-dla-uczniow-nasze-sprawy-kompetencje-miekkie-24-04-2024\/","title":{"rendered":"Konferencja dla uczni\u00f3w \u201cNasze sprawy &#8211; kompetencje mi\u0119kkie\u201d- 24.04.2024"},"content":{"rendered":"\t\t<div data-elementor-type=\"wp-post\" data-elementor-id=\"21880\" class=\"elementor elementor-21880\">\n\t\t\t\t\t\t\t\t\t<section class=\"elementor-section elementor-top-section elementor-element elementor-element-8815ad1 elementor-section-boxed elementor-section-height-default elementor-section-height-default\" data-id=\"8815ad1\" data-element_type=\"section\">\n\t\t\t\t\t\t<div class=\"elementor-container elementor-column-gap-default\">\n\t\t\t\t\t<div class=\"elementor-column elementor-col-100 elementor-top-column elementor-element elementor-element-4d224e7\" data-id=\"4d224e7\" data-element_type=\"column\">\n\t\t\t<div class=\"elementor-widget-wrap elementor-element-populated\">\n\t\t\t\t\t\t\t\t<div class=\"elementor-element elementor-element-72dce4e elementor-widget elementor-widget-text-editor\" data-id=\"72dce4e\" data-element_type=\"widget\" data-widget_type=\"text-editor.default\">\n\t\t\t\t<div class=\"elementor-widget-container\">\n\t\t\t\t\t\t\t<p>Dnia 24.04.2024 Amelia Szwoch, Ania Piszczatowska, Martyna Sochanek i Mateusz Kalinowski uczestniczyli w konferencji zorganizowanej przez samorz\u0105d uczniowski IX LO w Europejskim Centrum Solidarno\u015bci w Gda\u0144sku. Wzi\u0119li udzia\u0142 w panelach warsztatowych i doskonalili swoje umiej\u0119tno\u015bci. Wybrali zarz\u0105dzanie stresem i kreatywno\u015b\u0107. Inne kompetencje mi\u0119kkie to umiej\u0119tno\u015b\u0107 pracy w zespole, kreatywno\u015b\u0107, mediacje i wysoka kultura. Nie zawsze je doceniamy, a kompetencje mi\u0119kkie pomagaj\u0105 nam w codziennym \u017cyciu, zawieraniu przyja\u017ani, komunikacji i przysz\u0142ej pracy. Ch\u0119tnie we\u017amiemy udzia\u0142 w kolejnych edycjach.<\/p>\t\t\t\t\t\t<\/div>\n\t\t\t\t<\/div>\n\t\t\t\t\t<\/div>\n\t\t<\/div>\n\t\t\t\t\t\t\t<\/div>\n\t\t<\/section>\n\t\t\t\t<section class=\"elementor-section elementor-top-section elementor-element elementor-element-e175028 elementor-section-boxed elementor-section-height-default elementor-section-height-default\" data-id=\"e175028\" data-element_type=\"section\">\n\t\t\t\t\t\t<div class=\"elementor-container elementor-column-gap-default\">\n\t\t\t\t\t<div class=\"elementor-column elementor-col-100 elementor-top-column elementor-element elementor-element-ac777b9\" data-id=\"ac777b9\" data-element_type=\"column\">\n\t\t\t<div class=\"elementor-widget-wrap elementor-element-populated\">\n\t\t\t\t\t\t\t\t<div class=\"elementor-element elementor-element-c1c2a43 elementor-widget elementor-widget-image-gallery\" data-id=\"c1c2a43\" data-element_type=\"widget\" data-widget_type=\"image-gallery.default\">\n\t\t\t\t<div class=\"elementor-widget-container\">\n\t\t\t\t\t<div class=\"elementor-image-gallery\">\n\t\t\t<div id='gallery-1' class='gallery galleryid-21880 gallery-columns-3 gallery-size-thumbnail'><figure class='gallery-item'>\n\t\t\t<div class='gallery-icon portrait'>\n\t\t\t\t<a data-elementor-open-lightbox=\"yes\" data-elementor-lightbox-slideshow=\"c1c2a43\" data-elementor-lightbox-title=\"IMG-20240426-WA0000\" data-e-action-hash=\"#elementor-action%3Aaction%3Dlightbox%26settings%3DeyJpZCI6MjE4ODYsInVybCI6Imh0dHBzOlwvXC9zcGxlZ293by5wbFwvd3AtY29udGVudFwvdXBsb2Fkc1wvMjAyNFwvMDRcL0lNRy0yMDI0MDQyNi1XQTAwMDAuanBnIiwic2xpZGVzaG93IjoiYzFjMmE0MyJ9\" href='https:\/\/splegowo.pl\/wp-content\/uploads\/2024\/04\/IMG-20240426-WA0000.jpg'><img width=\"150\" height=\"150\" src=\"https:\/\/splegowo.pl\/wp-content\/uploads\/2024\/04\/IMG-20240426-WA0000-150x150.jpg\" class=\"attachment-thumbnail size-thumbnail\" alt=\"\" decoding=\"async\" loading=\"lazy\" srcset=\"https:\/\/splegowo.pl\/wp-content\/uploads\/2024\/04\/IMG-20240426-WA0000-150x150.jpg 150w, https:\/\/splegowo.pl\/wp-content\/uploads\/2024\/04\/IMG-20240426-WA0000-70x70.jpg 70w, https:\/\/splegowo.pl\/wp-content\/uploads\/2024\/04\/IMG-20240426-WA0000-246x246.jpg 246w, https:\/\/splegowo.pl\/wp-content\/uploads\/2024\/04\/IMG-20240426-WA0000-276x276.jpg 276w, https:\/\/splegowo.pl\/wp-content\/uploads\/2024\/04\/IMG-20240426-WA0000-125x125.jpg 125w\" sizes=\"(max-width: 150px) 100vw, 150px\" \/><\/a>\n\t\t\t<\/div><\/figure><figure class='gallery-item'>\n\t\t\t<div class='gallery-icon portrait'>\n\t\t\t\t<a data-elementor-open-lightbox=\"yes\" data-elementor-lightbox-slideshow=\"c1c2a43\" data-elementor-lightbox-title=\"IMG-20240426-WA0001\" data-e-action-hash=\"#elementor-action%3Aaction%3Dlightbox%26settings%3DeyJpZCI6MjE4ODcsInVybCI6Imh0dHBzOlwvXC9zcGxlZ293by5wbFwvd3AtY29udGVudFwvdXBsb2Fkc1wvMjAyNFwvMDRcL0lNRy0yMDI0MDQyNi1XQTAwMDEuanBnIiwic2xpZGVzaG93IjoiYzFjMmE0MyJ9\" href='https:\/\/splegowo.pl\/wp-content\/uploads\/2024\/04\/IMG-20240426-WA0001.jpg'><img width=\"150\" height=\"150\" src=\"https:\/\/splegowo.pl\/wp-content\/uploads\/2024\/04\/IMG-20240426-WA0001-150x150.jpg\" class=\"attachment-thumbnail size-thumbnail\" alt=\"\" decoding=\"async\" loading=\"lazy\" srcset=\"https:\/\/splegowo.pl\/wp-content\/uploads\/2024\/04\/IMG-20240426-WA0001-150x150.jpg 150w, https:\/\/splegowo.pl\/wp-content\/uploads\/2024\/04\/IMG-20240426-WA0001-70x70.jpg 70w, https:\/\/splegowo.pl\/wp-content\/uploads\/2024\/04\/IMG-20240426-WA0001-246x246.jpg 246w, https:\/\/splegowo.pl\/wp-content\/uploads\/2024\/04\/IMG-20240426-WA0001-276x276.jpg 276w, https:\/\/splegowo.pl\/wp-content\/uploads\/2024\/04\/IMG-20240426-WA0001-125x125.jpg 125w\" sizes=\"(max-width: 150px) 100vw, 150px\" \/><\/a>\n\t\t\t<\/div><\/figure><figure class='gallery-item'>\n\t\t\t<div class='gallery-icon portrait'>\n\t\t\t\t<a data-elementor-open-lightbox=\"yes\" data-elementor-lightbox-slideshow=\"c1c2a43\" data-elementor-lightbox-title=\"IMG-20240426-WA0002\" data-e-action-hash=\"#elementor-action%3Aaction%3Dlightbox%26settings%3DeyJpZCI6MjE4ODgsInVybCI6Imh0dHBzOlwvXC9zcGxlZ293by5wbFwvd3AtY29udGVudFwvdXBsb2Fkc1wvMjAyNFwvMDRcL0lNRy0yMDI0MDQyNi1XQTAwMDIuanBnIiwic2xpZGVzaG93IjoiYzFjMmE0MyJ9\" href='https:\/\/splegowo.pl\/wp-content\/uploads\/2024\/04\/IMG-20240426-WA0002.jpg'><img width=\"150\" height=\"150\" src=\"https:\/\/splegowo.pl\/wp-content\/uploads\/2024\/04\/IMG-20240426-WA0002-150x150.jpg\" class=\"attachment-thumbnail size-thumbnail\" alt=\"\" decoding=\"async\" loading=\"lazy\" srcset=\"https:\/\/splegowo.pl\/wp-content\/uploads\/2024\/04\/IMG-20240426-WA0002-150x150.jpg 150w, https:\/\/splegowo.pl\/wp-content\/uploads\/2024\/04\/IMG-20240426-WA0002-70x70.jpg 70w, https:\/\/splegowo.pl\/wp-content\/uploads\/2024\/04\/IMG-20240426-WA0002-246x246.jpg 246w, https:\/\/splegowo.pl\/wp-content\/uploads\/2024\/04\/IMG-20240426-WA0002-276x276.jpg 276w, https:\/\/splegowo.pl\/wp-content\/uploads\/2024\/04\/IMG-20240426-WA0002-125x125.jpg 125w\" sizes=\"(max-width: 150px) 100vw, 150px\" \/><\/a>\n\t\t\t<\/div><\/figure>\n\t\t<\/div>\n\t\t<\/div>\n\t\t\t\t<\/div>\n\t\t\t\t<\/div>\n\t\t\t\t\t<\/div>\n\t\t<\/div>\n\t\t\t\t\t\t\t<\/div>\n\t\t<\/section>\n\t\t\t\t\t\t\t<\/div>\n\t\t","protected":false},"excerpt":{"rendered":"<p>Dnia 24.04.2024 Amelia Szwoch, Ania Piszczatowska, Martyna Sochanek i Mateusz Kalinowski uczestniczyli w konferencji zorganizowanej przez samorz\u0105d uczniowski IX LO &hellip; <\/p>\n","protected":false},"author":1,"featured_media":0,"comment_status":"closed","ping_status":"open","sticky":false,"template":"","format":"standard","meta":[],"categories":[58,1],"tags":[],"_links":{"self":[{"href":"https:\/\/splegowo.pl\/index.php\/wp-json\/wp\/v2\/posts\/21880"}],"collection":[{"href":"https:\/\/splegowo.pl\/index.php\/wp-json\/wp\/v2\/posts"}],"about":[{"href":"https:\/\/splegowo.pl\/index.php\/wp-json\/wp\/v2\/types\/post"}],"author":[{"embeddable":true,"href":"https:\/\/splegowo.pl\/index.php\/wp-json\/wp\/v2\/users\/1"}],"replies":[{"embeddable":true,"href":"https:\/\/splegowo.pl\/index.php\/wp-json\/wp\/v2\/comments?post=21880"}],"version-history":[{"count":7,"href":"https:\/\/splegowo.pl\/index.php\/wp-json\/wp\/v2\/posts\/21880\/revisions"}],"predecessor-version":[{"id":21891,"href":"https:\/\/splegowo.pl\/index.php\/wp-json\/wp\/v2\/posts\/21880\/revisions\/21891"}],"wp:attachment":[{"href":"https:\/\/splegowo.pl\/index.php\/wp-json\/wp\/v2\/media?parent=21880"}],"wp:term":[{"taxonomy":"category","embeddable":true,"href":"https:\/\/splegowo.pl\/index.php\/wp-json\/wp\/v2\/categories?post=21880"},{"taxonomy":"post_tag","embeddable":true,"href":"https:\/\/splegowo.pl\/index.php\/wp-json\/wp\/v2\/tags?post=21880"}],"curies":[{"name":"wp","href":"https:\/\/api.w.org\/{rel}","templated":true}]}}