{"id":21696,"date":"2024-04-04T16:27:05","date_gmt":"2024-04-04T14:27:05","guid":{"rendered":"https:\/\/splegowo.pl\/?p=21696"},"modified":"2024-04-04T16:32:20","modified_gmt":"2024-04-04T14:32:20","slug":"swiatowy-dzien-swiadomosci-autyzmu","status":"publish","type":"post","link":"https:\/\/splegowo.pl\/index.php\/2024\/04\/04\/swiatowy-dzien-swiadomosci-autyzmu\/","title":{"rendered":"\u015awiatowy Dzie\u0144 \u015awiadomo\u015bci Autyzmu"},"content":{"rendered":"\t\t<div data-elementor-type=\"wp-post\" data-elementor-id=\"21696\" class=\"elementor elementor-21696\">\n\t\t\t\t\t\t\t\t\t<section class=\"elementor-section elementor-top-section elementor-element elementor-element-4f6c1f9 elementor-section-boxed elementor-section-height-default elementor-section-height-default\" data-id=\"4f6c1f9\" data-element_type=\"section\">\n\t\t\t\t\t\t<div class=\"elementor-container elementor-column-gap-default\">\n\t\t\t\t\t<div class=\"elementor-column elementor-col-100 elementor-top-column elementor-element elementor-element-06326e3\" data-id=\"06326e3\" data-element_type=\"column\">\n\t\t\t<div class=\"elementor-widget-wrap elementor-element-populated\">\n\t\t\t\t\t\t\t\t<div class=\"elementor-element elementor-element-f56e7b7 elementor-widget elementor-widget-text-editor\" data-id=\"f56e7b7\" data-element_type=\"widget\" data-widget_type=\"text-editor.default\">\n\t\t\t\t<div class=\"elementor-widget-container\">\n\t\t\t\t\t\t\t<p>G\u0142\u00f3wnym celem \u015awiatowego Dnia \u015awiadomo\u015bci \u00a0Autyzmu jest\u00a0 przeciwstawianie si\u0119 zar\u00f3wno dyskryminacji, jak i stereotypom dotycz\u0105cym os\u00f3b dotkni\u0119tych autyzmem. Odpowiednia wiedza zmienia \u015bwiadomo\u015b\u0107 spo\u0142ecze\u0144stwa wobec os\u00f3b z autyzmem.<\/p><p>przybli\u017ca nam zagadnienie autyzmu, daje nam znakomity pretekst do tego, aby zg\u0142\u0119bi\u0107 temat.<\/p><p>Ten dzie\u0144 to nie \u201e\u015bwi\u0119to jednego dnia \u201d, a codzienna akceptacja, zrozumienie i dawanie wsparcia, tym, kt\u00f3rzy go potrzebuj\u0105. To \u015bwietna okazja do kszta\u0142cenia wra\u017cliwo\u015bci i otwarto\u015bci \u00a0edukacji siebie i innych, do tego, by wsp\u00f3lnie pracowa\u0107 na lepszy \u015bwiat ! Wra\u017cliwo\u015b\u0107, otwarto\u015b\u0107 na drugiego cz\u0142owieka, uwa\u017cno\u015b\u0107 to warto\u015bci nieocenione.<\/p><p>Autyzm jest cz\u0119\u015bci\u0105 to\u017csamo\u015bci danej osoby, wyst\u0119puje od urodzenia i\u2026 po prostu jest.\u00a0 Nie jest chorob\u0105. Jest stanem \u2013 odmiennym sposobem my\u015blenia i odczuwania \u015bwiata, ale\u2026.<\/p><p><strong>Ka\u017cdy z nas jest r\u00f3\u017cny, wyj\u0105tkowy i tak samo wa\u017cny!<\/strong><\/p><p>W\u00a0<strong>naszej szkole<\/strong>\u00a0r\u00f3wnie\u017c obchodzimy\u00a0<strong>\u015awiatowy Dzie\u0144 \u015awiadomo\u015bci \u00a0Autyzmu<\/strong>, dlatego ubieramy si\u0119 na niebiesko, wyra\u017caj\u0105c solidarno\u015b\u0107 z osobami ze spektrum autyzmu Barwa ta symbolizuje nadziej\u0119 os\u00f3b ze spectrum autyzmu na lepsze \u017cycie w spo\u0142ecze\u0144stwie.<\/p><p>Dzie\u0144 \u015awiadomo\u015bci Autyzmu, daje nam Nauczycielom, Pedagogom, okazj\u0119 do tego, aby przekazywa\u0107 uczniom, wiedz\u0119 na temat tego zaburzenia, integrowa\u0107 grup\u0119, pokazywa\u0107 i uczy\u0107, jak by\u0107 dobrym koleg\u0105, kole\u017cank\u0105, cz\u0142owiekiem! Wiedza jest kluczem do zrozumienia i bycia razem, do tworzenia wzajemnych relacji, a tak\u017ce radzenia sobie z w\u0142asnymi emocjami.<\/p>\t\t\t\t\t\t<\/div>\n\t\t\t\t<\/div>\n\t\t\t\t\t<\/div>\n\t\t<\/div>\n\t\t\t\t\t\t\t<\/div>\n\t\t<\/section>\n\t\t\t\t<section class=\"elementor-section elementor-top-section elementor-element elementor-element-2aa4de3 elementor-section-boxed elementor-section-height-default elementor-section-height-default\" data-id=\"2aa4de3\" data-element_type=\"section\">\n\t\t\t\t\t\t<div class=\"elementor-container elementor-column-gap-default\">\n\t\t\t\t\t<div class=\"elementor-column elementor-col-100 elementor-top-column elementor-element elementor-element-9ecbd5e\" data-id=\"9ecbd5e\" data-element_type=\"column\">\n\t\t\t<div class=\"elementor-widget-wrap elementor-element-populated\">\n\t\t\t\t\t\t\t\t<div class=\"elementor-element elementor-element-e146ba6 elementor-widget elementor-widget-image-gallery\" data-id=\"e146ba6\" data-element_type=\"widget\" data-widget_type=\"image-gallery.default\">\n\t\t\t\t<div class=\"elementor-widget-container\">\n\t\t\t\t\t<div class=\"elementor-image-gallery\">\n\t\t\t<div id='gallery-1' class='gallery galleryid-21696 gallery-columns-4 gallery-size-thumbnail'><figure class='gallery-item'>\n\t\t\t<div class='gallery-icon landscape'>\n\t\t\t\t<a data-elementor-open-lightbox=\"yes\" data-elementor-lightbox-slideshow=\"e146ba6\" data-elementor-lightbox-title=\"1712145867948\" data-e-action-hash=\"#elementor-action%3Aaction%3Dlightbox%26settings%3DeyJpZCI6MjE3MDUsInVybCI6Imh0dHBzOlwvXC9zcGxlZ293by5wbFwvd3AtY29udGVudFwvdXBsb2Fkc1wvMjAyNFwvMDRcLzE3MTIxNDU4Njc5NDguanBnIiwic2xpZGVzaG93IjoiZTE0NmJhNiJ9\" href='https:\/\/splegowo.pl\/wp-content\/uploads\/2024\/04\/1712145867948.jpg'><img width=\"150\" height=\"150\" src=\"https:\/\/splegowo.pl\/wp-content\/uploads\/2024\/04\/1712145867948-150x150.jpg\" class=\"attachment-thumbnail size-thumbnail\" alt=\"\" decoding=\"async\" loading=\"lazy\" srcset=\"https:\/\/splegowo.pl\/wp-content\/uploads\/2024\/04\/1712145867948-150x150.jpg 150w, https:\/\/splegowo.pl\/wp-content\/uploads\/2024\/04\/1712145867948-767x766.jpg 767w, https:\/\/splegowo.pl\/wp-content\/uploads\/2024\/04\/1712145867948-70x70.jpg 70w, https:\/\/splegowo.pl\/wp-content\/uploads\/2024\/04\/1712145867948-246x246.jpg 246w, https:\/\/splegowo.pl\/wp-content\/uploads\/2024\/04\/1712145867948-276x276.jpg 276w, https:\/\/splegowo.pl\/wp-content\/uploads\/2024\/04\/1712145867948-125x125.jpg 125w\" sizes=\"(max-width: 150px) 100vw, 150px\" \/><\/a>\n\t\t\t<\/div><\/figure><figure class='gallery-item'>\n\t\t\t<div class='gallery-icon portrait'>\n\t\t\t\t<a data-elementor-open-lightbox=\"yes\" data-elementor-lightbox-slideshow=\"e146ba6\" data-elementor-lightbox-title=\"1712145867937\" data-e-action-hash=\"#elementor-action%3Aaction%3Dlightbox%26settings%3DeyJpZCI6MjE3MDQsInVybCI6Imh0dHBzOlwvXC9zcGxlZ293by5wbFwvd3AtY29udGVudFwvdXBsb2Fkc1wvMjAyNFwvMDRcLzE3MTIxNDU4Njc5MzcuanBnIiwic2xpZGVzaG93IjoiZTE0NmJhNiJ9\" href='https:\/\/splegowo.pl\/wp-content\/uploads\/2024\/04\/1712145867937.jpg'><img width=\"150\" height=\"150\" src=\"https:\/\/splegowo.pl\/wp-content\/uploads\/2024\/04\/1712145867937-150x150.jpg\" class=\"attachment-thumbnail size-thumbnail\" alt=\"\" decoding=\"async\" loading=\"lazy\" srcset=\"https:\/\/splegowo.pl\/wp-content\/uploads\/2024\/04\/1712145867937-150x150.jpg 150w, https:\/\/splegowo.pl\/wp-content\/uploads\/2024\/04\/1712145867937-70x70.jpg 70w, https:\/\/splegowo.pl\/wp-content\/uploads\/2024\/04\/1712145867937-246x246.jpg 246w, https:\/\/splegowo.pl\/wp-content\/uploads\/2024\/04\/1712145867937-276x276.jpg 276w, https:\/\/splegowo.pl\/wp-content\/uploads\/2024\/04\/1712145867937-125x125.jpg 125w\" sizes=\"(max-width: 150px) 100vw, 150px\" \/><\/a>\n\t\t\t<\/div><\/figure><figure class='gallery-item'>\n\t\t\t<div class='gallery-icon portrait'>\n\t\t\t\t<a data-elementor-open-lightbox=\"yes\" data-elementor-lightbox-slideshow=\"e146ba6\" data-elementor-lightbox-title=\"1712145867930\" data-e-action-hash=\"#elementor-action%3Aaction%3Dlightbox%26settings%3DeyJpZCI6MjE3MDMsInVybCI6Imh0dHBzOlwvXC9zcGxlZ293by5wbFwvd3AtY29udGVudFwvdXBsb2Fkc1wvMjAyNFwvMDRcLzE3MTIxNDU4Njc5MzAuanBnIiwic2xpZGVzaG93IjoiZTE0NmJhNiJ9\" href='https:\/\/splegowo.pl\/wp-content\/uploads\/2024\/04\/1712145867930.jpg'><img width=\"150\" height=\"150\" src=\"https:\/\/splegowo.pl\/wp-content\/uploads\/2024\/04\/1712145867930-150x150.jpg\" class=\"attachment-thumbnail size-thumbnail\" alt=\"\" decoding=\"async\" loading=\"lazy\" srcset=\"https:\/\/splegowo.pl\/wp-content\/uploads\/2024\/04\/1712145867930-150x150.jpg 150w, https:\/\/splegowo.pl\/wp-content\/uploads\/2024\/04\/1712145867930-70x70.jpg 70w, https:\/\/splegowo.pl\/wp-content\/uploads\/2024\/04\/1712145867930-246x246.jpg 246w, https:\/\/splegowo.pl\/wp-content\/uploads\/2024\/04\/1712145867930-276x276.jpg 276w, https:\/\/splegowo.pl\/wp-content\/uploads\/2024\/04\/1712145867930-125x125.jpg 125w\" sizes=\"(max-width: 150px) 100vw, 150px\" \/><\/a>\n\t\t\t<\/div><\/figure><figure class='gallery-item'>\n\t\t\t<div class='gallery-icon portrait'>\n\t\t\t\t<a data-elementor-open-lightbox=\"yes\" data-elementor-lightbox-slideshow=\"e146ba6\" data-elementor-lightbox-title=\"1712145867923\" data-e-action-hash=\"#elementor-action%3Aaction%3Dlightbox%26settings%3DeyJpZCI6MjE3MDIsInVybCI6Imh0dHBzOlwvXC9zcGxlZ293by5wbFwvd3AtY29udGVudFwvdXBsb2Fkc1wvMjAyNFwvMDRcLzE3MTIxNDU4Njc5MjMuanBnIiwic2xpZGVzaG93IjoiZTE0NmJhNiJ9\" href='https:\/\/splegowo.pl\/wp-content\/uploads\/2024\/04\/1712145867923.jpg'><img width=\"150\" height=\"150\" src=\"https:\/\/splegowo.pl\/wp-content\/uploads\/2024\/04\/1712145867923-150x150.jpg\" class=\"attachment-thumbnail size-thumbnail\" alt=\"\" decoding=\"async\" loading=\"lazy\" srcset=\"https:\/\/splegowo.pl\/wp-content\/uploads\/2024\/04\/1712145867923-150x150.jpg 150w, https:\/\/splegowo.pl\/wp-content\/uploads\/2024\/04\/1712145867923-70x70.jpg 70w, https:\/\/splegowo.pl\/wp-content\/uploads\/2024\/04\/1712145867923-246x246.jpg 246w, https:\/\/splegowo.pl\/wp-content\/uploads\/2024\/04\/1712145867923-276x276.jpg 276w, https:\/\/splegowo.pl\/wp-content\/uploads\/2024\/04\/1712145867923-125x125.jpg 125w\" sizes=\"(max-width: 150px) 100vw, 150px\" \/><\/a>\n\t\t\t<\/div><\/figure>\n\t\t<\/div>\n\t\t<\/div>\n\t\t\t\t<\/div>\n\t\t\t\t<\/div>\n\t\t\t\t\t<\/div>\n\t\t<\/div>\n\t\t\t\t\t\t\t<\/div>\n\t\t<\/section>\n\t\t\t\t\t\t\t<\/div>\n\t\t","protected":false},"excerpt":{"rendered":"<p>G\u0142\u00f3wnym celem \u015awiatowego Dnia \u015awiadomo\u015bci \u00a0Autyzmu jest\u00a0 przeciwstawianie si\u0119 zar\u00f3wno dyskryminacji, jak i stereotypom dotycz\u0105cym os\u00f3b dotkni\u0119tych autyzmem. Odpowiednia wiedza &hellip; <\/p>\n","protected":false},"author":1,"featured_media":21697,"comment_status":"closed","ping_status":"open","sticky":false,"template":"","format":"standard","meta":[],"categories":[58,1],"tags":[],"_links":{"self":[{"href":"https:\/\/splegowo.pl\/index.php\/wp-json\/wp\/v2\/posts\/21696"}],"collection":[{"href":"https:\/\/splegowo.pl\/index.php\/wp-json\/wp\/v2\/posts"}],"about":[{"href":"https:\/\/splegowo.pl\/index.php\/wp-json\/wp\/v2\/types\/post"}],"author":[{"embeddable":true,"href":"https:\/\/splegowo.pl\/index.php\/wp-json\/wp\/v2\/users\/1"}],"replies":[{"embeddable":true,"href":"https:\/\/splegowo.pl\/index.php\/wp-json\/wp\/v2\/comments?post=21696"}],"version-history":[{"count":7,"href":"https:\/\/splegowo.pl\/index.php\/wp-json\/wp\/v2\/posts\/21696\/revisions"}],"predecessor-version":[{"id":21708,"href":"https:\/\/splegowo.pl\/index.php\/wp-json\/wp\/v2\/posts\/21696\/revisions\/21708"}],"wp:featuredmedia":[{"embeddable":true,"href":"https:\/\/splegowo.pl\/index.php\/wp-json\/wp\/v2\/media\/21697"}],"wp:attachment":[{"href":"https:\/\/splegowo.pl\/index.php\/wp-json\/wp\/v2\/media?parent=21696"}],"wp:term":[{"taxonomy":"category","embeddable":true,"href":"https:\/\/splegowo.pl\/index.php\/wp-json\/wp\/v2\/categories?post=21696"},{"taxonomy":"post_tag","embeddable":true,"href":"https:\/\/splegowo.pl\/index.php\/wp-json\/wp\/v2\/tags?post=21696"}],"curies":[{"name":"wp","href":"https:\/\/api.w.org\/{rel}","templated":true}]}}