{"id":21419,"date":"2022-09-05T12:00:00","date_gmt":"2022-09-05T10:00:00","guid":{"rendered":"https:\/\/splegowo.pl\/?p=21419"},"modified":"2024-03-20T13:50:16","modified_gmt":"2024-03-20T12:50:16","slug":"laboratoria-przyszlosci","status":"publish","type":"post","link":"https:\/\/splegowo.pl\/index.php\/2022\/09\/05\/laboratoria-przyszlosci\/","title":{"rendered":"LABORATORIA PRZYSZ\u0141O\u015aCI"},"content":{"rendered":"\n<p>Laboratoria Przysz\u0142o\u015bci to najwi\u0119kszy program edukacyjno-technologiczny skierowany do szk\u00f3\u0142 podstawowych oraz og\u00f3lnokszta\u0142c\u0105cych szk\u00f3\u0142 artystycznych. Jego celem jest budowanie kompetencji kreatywnych i technicznych w\u015br\u00f3d uczni\u00f3w. W ramach Programu szko\u0142y otrzymaj\u0105 od pa\u0144stwa wsparcie finansowe na zakup wyposa\u017cenia technicznego niezb\u0119dnego do rozwoju umiej\u0119tno\u015bci praktycznych w\u015br\u00f3d dzieci i m\u0142odzie\u017cy.<\/p>\n\n\n\n<p>Kreatywne my\u015blenie oraz obs\u0142uga narz\u0119dzi to jedne z podstawowych umiej\u0119tno\u015bci decyduj\u0105cych o rozwoju cywilizacyjnym, gospodarczym i\u202fspo\u0142ecznym. Wzrost innowacyjno\u015bci oraz rozw\u00f3j technologiczny spowodowa\u0142, \u017ce umiej\u0119tno\u015bci matematyczne, w zakresie nauk przyrodniczych, technologii i in\u017cynierii s\u0105 dzi\u015b wa\u017cniejsze ni\u017c\u202fkiedykolwiek wcze\u015bniej. Laboratoria Przysz\u0142o\u015bci to kolejny krok w stron\u0119 wzmocnienia i uatrakcyjnienia dotychczasowego procesu zdobywania wiedzy i praktycznych umiej\u0119tno\u015bci w tych obszarach przez uczni\u00f3w.<\/p>\n\n\n\n<p>W ramach Laboratori\u00f3w Przysz\u0142o\u015bci szko\u0142y otrzyma\u0142y wsparcie finansowe na zakup wyposa\u017cenia technicznego potrzebnego w\u202fkszta\u0142towaniu i\u202frozwijaniu umiej\u0119tno\u015bci manualnych i technicznych, umiej\u0119tno\u015bci samodzielnego i krytycznego my\u015blenia, zdolno\u015bci my\u015blenia matematycznego oraz umiej\u0119tno\u015bci w zakresie nauk przyrodniczych, technologii i in\u017cynierii, stosowania technologii informacyjno-komunikacyjnych, jak r\u00f3wnie\u017c pracy zespo\u0142owej, dobrej organizacji i dbania o\u202fporz\u0105dek na stanowisku pracy oraz radzenia sobie w \u017cyciu codziennym.<\/p>\n\n\n\n<p>Laboratoria Przysz\u0142o\u015bci to nowoczesny sprz\u0119t, kt\u00f3ry rozwija kompetencje i talenty uczni\u00f3w, ka\u017cdego dnia uatrakcyjnia zaj\u0119cia szkolne i pozwala uczniom rozwija\u0107 swoje zainteresowania nie tylko na lekcjach techniki i w\u202framach innych obowi\u0105zkowych zaj\u0119\u0107 edukacyjnych, lecz tak\u017ce w ramach zaj\u0119\u0107 pozalekcyjnych, k\u00f3\u0142 zainteresowa\u0144 i innych form rozwijania umiej\u0119tno\u015bci.<br>Nasz szko\u0142a otrzyma\u0142a przesz\u0142o 150 tys. z\u0142otych wsparcia, w ramach kt\u00f3rego zakupione zosta\u0142y:<br>zestawy \u2013 Photon Robotyka sztuczna inteligencja oraz Photon modu\u0142 Ekologia, roboty Photon EDU<br>drukarka 3D z laptopem oraz zapasem filamentu<br>zestawy edukacyjne z mikrokontrolerami UNO Starter Kit<br>zestawy mikrokontroler\u00f3w micro:bit<br>stacje lutownicze<br>kamera przeno\u015bna cyfrowa<br>aparat fotograficzny<br>Gimbal i statyw do aparatu fotograficznego i kamery<br>mikrofon kierunkowy nakamerowy z ods\u0142uchem<br>mikrofon dynamiczny bezprzewodowy<br>oprogramowanie Adobe Premiere Elements 2021<br>green screen mobilny w obudowie<br>zestawy do mocowania te\u0142<br>mikroporty &#8211; bezprzewodowe systemy mikrofonowe<br>zestawy o\u015bwietleniowe<br>kartonowe wyszywanki i w\u0142\u00f3czki<br>du\u017ce krosna<br>mikser d\u017awi\u0119ku 8 kana\u0142owy Vonyx VMM -K802 \u2013DSP<br>dyktafony<br>zestaw kolumn i subwoofer estradowy<br>sto\u0142y warsztatowe z nak\u0142adkami, zestawami haczyk\u00f3w i taborety obrotowe z podn\u00f3\u017ckiem<br>pojemniki warsztatowe<br>szafa zamykana<br>szafki z klockami<br>zestawy klock\u00f3w LEGO CLASSIC<br>gogle wirtualnej rzeczywisto\u015bci Class VR z kostkami<br>mikroskop Delta 300 z kamer\u0105.<\/p>\n\n\n\n<figure class=\"wp-block-image size-large\"><img decoding=\"async\" loading=\"lazy\" width=\"1024\" height=\"575\" src=\"https:\/\/splegowo.pl\/wp-content\/uploads\/2024\/03\/logo-Laboratoria_Przyszlosci_poziom_kolor-1024x575.png\" alt=\"\" class=\"wp-image-21420\" srcset=\"https:\/\/splegowo.pl\/wp-content\/uploads\/2024\/03\/logo-Laboratoria_Przyszlosci_poziom_kolor-1024x575.png 1024w, https:\/\/splegowo.pl\/wp-content\/uploads\/2024\/03\/logo-Laboratoria_Przyszlosci_poziom_kolor-300x168.png 300w, https:\/\/splegowo.pl\/wp-content\/uploads\/2024\/03\/logo-Laboratoria_Przyszlosci_poziom_kolor-768x431.png 768w, https:\/\/splegowo.pl\/wp-content\/uploads\/2024\/03\/logo-Laboratoria_Przyszlosci_poziom_kolor-1536x862.png 1536w, https:\/\/splegowo.pl\/wp-content\/uploads\/2024\/03\/logo-Laboratoria_Przyszlosci_poziom_kolor-2048x1149.png 2048w\" sizes=\"(max-width: 1024px) 100vw, 1024px\" \/><\/figure>\n","protected":false},"excerpt":{"rendered":"<p>Laboratoria Przysz\u0142o\u015bci to najwi\u0119kszy program edukacyjno-technologiczny skierowany do szk\u00f3\u0142 podstawowych oraz og\u00f3lnokszta\u0142c\u0105cych szk\u00f3\u0142 artystycznych. Jego celem jest budowanie kompetencji kreatywnych &hellip; <\/p>\n","protected":false},"author":1,"featured_media":21421,"comment_status":"closed","ping_status":"open","sticky":false,"template":"","format":"standard","meta":[],"categories":[59],"tags":[],"_links":{"self":[{"href":"https:\/\/splegowo.pl\/index.php\/wp-json\/wp\/v2\/posts\/21419"}],"collection":[{"href":"https:\/\/splegowo.pl\/index.php\/wp-json\/wp\/v2\/posts"}],"about":[{"href":"https:\/\/splegowo.pl\/index.php\/wp-json\/wp\/v2\/types\/post"}],"author":[{"embeddable":true,"href":"https:\/\/splegowo.pl\/index.php\/wp-json\/wp\/v2\/users\/1"}],"replies":[{"embeddable":true,"href":"https:\/\/splegowo.pl\/index.php\/wp-json\/wp\/v2\/comments?post=21419"}],"version-history":[{"count":1,"href":"https:\/\/splegowo.pl\/index.php\/wp-json\/wp\/v2\/posts\/21419\/revisions"}],"predecessor-version":[{"id":21422,"href":"https:\/\/splegowo.pl\/index.php\/wp-json\/wp\/v2\/posts\/21419\/revisions\/21422"}],"wp:featuredmedia":[{"embeddable":true,"href":"https:\/\/splegowo.pl\/index.php\/wp-json\/wp\/v2\/media\/21421"}],"wp:attachment":[{"href":"https:\/\/splegowo.pl\/index.php\/wp-json\/wp\/v2\/media?parent=21419"}],"wp:term":[{"taxonomy":"category","embeddable":true,"href":"https:\/\/splegowo.pl\/index.php\/wp-json\/wp\/v2\/categories?post=21419"},{"taxonomy":"post_tag","embeddable":true,"href":"https:\/\/splegowo.pl\/index.php\/wp-json\/wp\/v2\/tags?post=21419"}],"curies":[{"name":"wp","href":"https:\/\/api.w.org\/{rel}","templated":true}]}}