{"id":21300,"date":"2024-01-26T20:10:29","date_gmt":"2024-01-26T19:10:29","guid":{"rendered":"https:\/\/splegowo.pl\/?p=21300"},"modified":"2024-02-22T20:13:54","modified_gmt":"2024-02-22T19:13:54","slug":"powiatowy-konkurs-plastyczny-jak-pieknie-sie-roznimy-rozstrzygniety-25-01-2024","status":"publish","type":"post","link":"https:\/\/splegowo.pl\/index.php\/2024\/01\/26\/powiatowy-konkurs-plastyczny-jak-pieknie-sie-roznimy-rozstrzygniety-25-01-2024\/","title":{"rendered":"Powiatowy Konkurs Plastyczny &#8222;Jak pi\u0119knie si\u0119 r\u00f3\u017cnimy&#8221; &#8211; rozstrzygni\u0119ty! &#8211; 25.01.2024."},"content":{"rendered":"\t\t<div data-elementor-type=\"wp-post\" data-elementor-id=\"21300\" class=\"elementor elementor-21300\">\n\t\t\t\t\t\t\t\t\t<section class=\"elementor-section elementor-top-section elementor-element elementor-element-d2c5b8c elementor-section-boxed elementor-section-height-default elementor-section-height-default\" data-id=\"d2c5b8c\" data-element_type=\"section\">\n\t\t\t\t\t\t<div class=\"elementor-container elementor-column-gap-default\">\n\t\t\t\t\t<div class=\"elementor-column elementor-col-100 elementor-top-column elementor-element elementor-element-1cd8d83\" data-id=\"1cd8d83\" data-element_type=\"column\">\n\t\t\t<div class=\"elementor-widget-wrap elementor-element-populated\">\n\t\t\t\t\t\t\t\t<div class=\"elementor-element elementor-element-873e81c elementor-widget elementor-widget-text-editor\" data-id=\"873e81c\" data-element_type=\"widget\" data-widget_type=\"text-editor.default\">\n\t\t\t\t<div class=\"elementor-widget-container\">\n\t\t\t\t\t\t\t<p dir=\"ltr\">Na pocz\u0105tku pa\u017adziernika zosta\u0142 og\u0142oszony przez bibliotek\u0119 szkoln\u0105 i nauczyciela plastyki, Pani\u0105 Bo\u017cen\u0119 Dziergowsk\u0105,\u00a0 Szkolny Konkurs Plastyczny pod has\u0142em &#8211; \u201eJAK MY PI\u0118KNIE SI\u0118 R\u00d3\u017bNIMY\u201d. Do konkursu przyst\u0105pi\u0142y klasy starsze szko\u0142y podstawowej. Na pocz\u0105tku listopada jury konkursowe wybra\u0142o 8 najlepszych prac, kt\u00f3re zosta\u0142y zawiezione do Biblioteki Pedagogicznej w Pruszczu Gda\u0144skim.\u00a0<\/p><p dir=\"ltr\">Prace te wzi\u0119\u0142y udzia\u0142 w Powiatowym Konkursie Plastycznym\u00a0\u201eJAK MY\u00a0PI\u0118KNIE SI\u0118 R\u00d3\u017bNIMY\u201d.\u00a0Uczennica z klasy VIa &#8211; <strong>Anna Piszczatowska<\/strong> zaj\u0119\u0142a w nim <span style=\"text-decoration: underline;\">II miejsce<\/span>, za\u015b <span style=\"text-decoration: underline;\">wyr\u00f3\u017cnienie<\/span> zdoby\u0142a <strong>Martyna Sochanek,<\/strong>\u00a0 r\u00f3wnie\u017c z klasy VIa. Uroczyste rozdanie nagr\u00f3d odby\u0142o si\u0119 25 stycznia 2024 roku &#8211; w siedzibie Biblioteki Pedagogicznej w Pruszczu Gda\u0144skim.\u00a0<\/p>\t\t\t\t\t\t<\/div>\n\t\t\t\t<\/div>\n\t\t\t\t\t<\/div>\n\t\t<\/div>\n\t\t\t\t\t\t\t<\/div>\n\t\t<\/section>\n\t\t\t\t\t\t\t<\/div>\n\t\t","protected":false},"excerpt":{"rendered":"<p>Na pocz\u0105tku pa\u017adziernika zosta\u0142 og\u0142oszony przez bibliotek\u0119 szkoln\u0105 i nauczyciela plastyki, Pani\u0105 Bo\u017cen\u0119 Dziergowsk\u0105,&nbsp; Szkolny Konkurs Plastyczny pod has\u0142em &#8211; &hellip; <\/p>\n","protected":false},"author":1,"featured_media":0,"comment_status":"closed","ping_status":"open","sticky":false,"template":"","format":"standard","meta":[],"categories":[58,1,56],"tags":[],"_links":{"self":[{"href":"https:\/\/splegowo.pl\/index.php\/wp-json\/wp\/v2\/posts\/21300"}],"collection":[{"href":"https:\/\/splegowo.pl\/index.php\/wp-json\/wp\/v2\/posts"}],"about":[{"href":"https:\/\/splegowo.pl\/index.php\/wp-json\/wp\/v2\/types\/post"}],"author":[{"embeddable":true,"href":"https:\/\/splegowo.pl\/index.php\/wp-json\/wp\/v2\/users\/1"}],"replies":[{"embeddable":true,"href":"https:\/\/splegowo.pl\/index.php\/wp-json\/wp\/v2\/comments?post=21300"}],"version-history":[{"count":5,"href":"https:\/\/splegowo.pl\/index.php\/wp-json\/wp\/v2\/posts\/21300\/revisions"}],"predecessor-version":[{"id":21305,"href":"https:\/\/splegowo.pl\/index.php\/wp-json\/wp\/v2\/posts\/21300\/revisions\/21305"}],"wp:attachment":[{"href":"https:\/\/splegowo.pl\/index.php\/wp-json\/wp\/v2\/media?parent=21300"}],"wp:term":[{"taxonomy":"category","embeddable":true,"href":"https:\/\/splegowo.pl\/index.php\/wp-json\/wp\/v2\/categories?post=21300"},{"taxonomy":"post_tag","embeddable":true,"href":"https:\/\/splegowo.pl\/index.php\/wp-json\/wp\/v2\/tags?post=21300"}],"curies":[{"name":"wp","href":"https:\/\/api.w.org\/{rel}","templated":true}]}}