{"id":20958,"date":"2023-12-13T22:32:32","date_gmt":"2023-12-13T21:32:32","guid":{"rendered":"https:\/\/splegowo.pl\/?p=20958"},"modified":"2023-12-22T22:39:37","modified_gmt":"2023-12-22T21:39:37","slug":"swiatelko-betlejemskie","status":"publish","type":"post","link":"https:\/\/splegowo.pl\/index.php\/2023\/12\/13\/swiatelko-betlejemskie\/","title":{"rendered":"\u015awiate\u0142ko Betlejemskie"},"content":{"rendered":"\t\t<div data-elementor-type=\"wp-post\" data-elementor-id=\"20958\" class=\"elementor elementor-20958\">\n\t\t\t\t\t\t\t\t\t<section class=\"elementor-section elementor-top-section elementor-element elementor-element-b695f46 elementor-section-boxed elementor-section-height-default elementor-section-height-default\" data-id=\"b695f46\" data-element_type=\"section\">\n\t\t\t\t\t\t<div class=\"elementor-container elementor-column-gap-default\">\n\t\t\t\t\t<div class=\"elementor-column elementor-col-100 elementor-top-column elementor-element elementor-element-7d2515e\" data-id=\"7d2515e\" data-element_type=\"column\">\n\t\t\t<div class=\"elementor-widget-wrap elementor-element-populated\">\n\t\t\t\t\t\t\t\t<div class=\"elementor-element elementor-element-885e0e2 elementor-widget elementor-widget-text-editor\" data-id=\"885e0e2\" data-element_type=\"widget\" data-widget_type=\"text-editor.default\">\n\t\t\t\t<div class=\"elementor-widget-container\">\n\t\t\t\t\t\t\t<div>12 grudnia 2023 harcerze z 33 WDH iHBOS &#8222;Baszta&#8221;, na r\u0119ce Pani Dyrektor\u00a0 z\u0142o\u017cyli\u00a0lampion\u00a0z\u00a0<wbr \/>Betlejemskim\u00a0\u015awiate\u0142kiem Pokoju.\u00a0<\/div><div>Prosto z Betlejem, mie\u015bcie po\u0142o\u017conym w Autonomii Palesty\u0144skiej, miejsca napi\u0119\u0107 politycznych, konflikt\u00f3w zbrojnych oraz atak\u00f3w terrorystycznych. Miejsca narodzenia Jezusa\u00a0Chrystusa.\u00a0<\/div><div>Prosto z Groty Narodzenia Pa\u0144skiego, gdzie p\u0142onie wieczny ogie\u0144 corocznie odpala si\u0119\u00a0ma\u0142\u0105\u00a0\u015bwieczk\u0119.\u00a0<\/div><div>Dzi\u0119ki skautom i harcerzom ogie\u0144 z Betlejem obiega ca\u0142y \u015bwiat.\u00a0\u015awiat\u0142o to jest symbolem szerzenia idei pokoju, po\u015bwiadczenia wzajemnego zrozumienia i pojednania mi\u0119dzy narodami.<\/div><div>Tym darem harcerze i harcerki ZHP nosz\u0105 lampiony\u00a0do parafii, szk\u00f3\u0142, szpitali, urz\u0119d\u00f3w i dom\u00f3w, dziel\u0105c si\u0119 radosn\u0105 nowin\u0105 krzewi\u0105c najwi\u0119ksze uniwersalne warto\u015bci braterstwa i pokoju na \u015bwiecie.<\/div>\t\t\t\t\t\t<\/div>\n\t\t\t\t<\/div>\n\t\t\t\t\t<\/div>\n\t\t<\/div>\n\t\t\t\t\t\t\t<\/div>\n\t\t<\/section>\n\t\t\t\t<section class=\"elementor-section elementor-top-section elementor-element elementor-element-cb8107b elementor-section-boxed elementor-section-height-default elementor-section-height-default\" data-id=\"cb8107b\" data-element_type=\"section\">\n\t\t\t\t\t\t<div class=\"elementor-container elementor-column-gap-default\">\n\t\t\t\t\t<div class=\"elementor-column elementor-col-100 elementor-top-column elementor-element elementor-element-9069551\" data-id=\"9069551\" data-element_type=\"column\">\n\t\t\t<div class=\"elementor-widget-wrap elementor-element-populated\">\n\t\t\t\t\t\t\t\t<div class=\"elementor-element elementor-element-d0f4492 elementor-widget elementor-widget-image\" data-id=\"d0f4492\" data-element_type=\"widget\" data-widget_type=\"image.default\">\n\t\t\t\t<div class=\"elementor-widget-container\">\n\t\t\t\t\t\t\t\t\t\t\t\t\t\t\t<img decoding=\"async\" src=\"https:\/\/splegowo.pl\/wp-content\/uploads\/elementor\/thumbs\/IMG_0735-rotated-qh7djoda8ww5b4tvcmdtl0bfzcx293xz8d17oulzb4.jpg\" title=\"IMG_0735\" alt=\"IMG_0735\" loading=\"lazy\" \/>\t\t\t\t\t\t\t\t\t\t\t\t\t\t\t<\/div>\n\t\t\t\t<\/div>\n\t\t\t\t\t<\/div>\n\t\t<\/div>\n\t\t\t\t\t\t\t<\/div>\n\t\t<\/section>\n\t\t\t\t\t\t\t<\/div>\n\t\t","protected":false},"excerpt":{"rendered":"<p>12 grudnia 2023 harcerze z 33 WDH iHBOS &#8222;Baszta&#8221;, na r\u0119ce Pani Dyrektor\u00a0 z\u0142o\u017cyli\u00a0lampion\u00a0z\u00a0Betlejemskim\u00a0\u015awiate\u0142kiem Pokoju.\u00a0Prosto z Betlejem, mie\u015bcie po\u0142o\u017conym w &hellip; <\/p>\n","protected":false},"author":1,"featured_media":0,"comment_status":"closed","ping_status":"open","sticky":false,"template":"","format":"standard","meta":[],"categories":[58,1],"tags":[],"_links":{"self":[{"href":"https:\/\/splegowo.pl\/index.php\/wp-json\/wp\/v2\/posts\/20958"}],"collection":[{"href":"https:\/\/splegowo.pl\/index.php\/wp-json\/wp\/v2\/posts"}],"about":[{"href":"https:\/\/splegowo.pl\/index.php\/wp-json\/wp\/v2\/types\/post"}],"author":[{"embeddable":true,"href":"https:\/\/splegowo.pl\/index.php\/wp-json\/wp\/v2\/users\/1"}],"replies":[{"embeddable":true,"href":"https:\/\/splegowo.pl\/index.php\/wp-json\/wp\/v2\/comments?post=20958"}],"version-history":[{"count":7,"href":"https:\/\/splegowo.pl\/index.php\/wp-json\/wp\/v2\/posts\/20958\/revisions"}],"predecessor-version":[{"id":20967,"href":"https:\/\/splegowo.pl\/index.php\/wp-json\/wp\/v2\/posts\/20958\/revisions\/20967"}],"wp:attachment":[{"href":"https:\/\/splegowo.pl\/index.php\/wp-json\/wp\/v2\/media?parent=20958"}],"wp:term":[{"taxonomy":"category","embeddable":true,"href":"https:\/\/splegowo.pl\/index.php\/wp-json\/wp\/v2\/categories?post=20958"},{"taxonomy":"post_tag","embeddable":true,"href":"https:\/\/splegowo.pl\/index.php\/wp-json\/wp\/v2\/tags?post=20958"}],"curies":[{"name":"wp","href":"https:\/\/api.w.org\/{rel}","templated":true}]}}