{"id":20917,"date":"2023-12-15T20:21:41","date_gmt":"2023-12-15T19:21:41","guid":{"rendered":"https:\/\/splegowo.pl\/?p=20917"},"modified":"2023-12-20T20:31:13","modified_gmt":"2023-12-20T19:31:13","slug":"swieto-szkoly-53-rocznica-wydarzen-grudnia-1970","status":"publish","type":"post","link":"https:\/\/splegowo.pl\/index.php\/2023\/12\/15\/swieto-szkoly-53-rocznica-wydarzen-grudnia-1970\/","title":{"rendered":"\u015awi\u0119to Szko\u0142y &#8211; 53 Rocznica Wydarze\u0144 Grudnia 1970"},"content":{"rendered":"\t\t<div data-elementor-type=\"wp-post\" data-elementor-id=\"20917\" class=\"elementor elementor-20917\">\n\t\t\t\t\t\t\t\t\t<section class=\"elementor-section elementor-top-section elementor-element elementor-element-9245a19 elementor-section-boxed elementor-section-height-default elementor-section-height-default\" data-id=\"9245a19\" data-element_type=\"section\">\n\t\t\t\t\t\t<div class=\"elementor-container elementor-column-gap-default\">\n\t\t\t\t\t<div class=\"elementor-column elementor-col-100 elementor-top-column elementor-element elementor-element-0608f72\" data-id=\"0608f72\" data-element_type=\"column\">\n\t\t\t<div class=\"elementor-widget-wrap elementor-element-populated\">\n\t\t\t\t\t\t\t\t<div class=\"elementor-element elementor-element-3efb8db elementor-widget elementor-widget-text-editor\" data-id=\"3efb8db\" data-element_type=\"widget\" data-widget_type=\"text-editor.default\">\n\t\t\t\t<div class=\"elementor-widget-container\">\n\t\t\t\t\t\t\t<p dir=\"ltr\">W pi\u0119kny, s\u0142oneczny czwartek,\u00a0 14 grudnia 2023 roku o godzinie 11.00, rozpocz\u0119\u0142y si\u0119 g\u0142\u00f3wne uroczysto\u015bci upami\u0119tniaj\u0105ce tragiczne dni Grudnia 1970 roku oraz bohater\u00f3w tych wydarze\u0144. W du\u017cej sali gimnastycznej, odpowiednio na to \u015bwi\u0119to udekorowanej, zebrali si\u0119 zaproszeni go\u015bcie, nauczyciele, rodzice, dziadkowie oraz\u00a0 uczniowie. Po wej\u015bciu Pocztu Sztandarowego ze Sztandarem Szko\u0142y i uroczystym od\u015bpiewaniu hymnu Polski, rozpocz\u0119\u0142a si\u0119 cz\u0119\u015b\u0107 oficjalna uroczysto\u015bci.\u00a0<\/p><p dir=\"ltr\">Na pocz\u0105tku,\u00a0 g\u0142os zabra\u0142a Pani Dyrektor El\u017cbieta Dzia\u0142oszewska, kt\u00f3ra w kr\u00f3tkich s\u0142owach nawi\u0105za\u0142a do historycznego zrywu ludzi pracy z roku 1970, przypomnia\u0142a te\u017c, i\u017c ju\u017c po raz 31 Szko\u0142a w \u0141\u0119gowie czci bohater\u00f3w tamtego robotniczego buntu. Podkre\u015bli\u0142a niebywa\u0142e znaczenie wolno\u015bci, kt\u00f3ra pozwala na swobod\u0119 jednostki i narodu do decydowania o sobie. Przywo\u0142a\u0142a s\u0142owa naszego wielkiego rodaka Jana Paw\u0142a II, kt\u00f3re stanowi\u0105 motto dzisiejszych obchod\u00f3w, \u017ce <em>\u201eWolno\u015bci nie mo\u017cna tylko posiada\u0107, trzeba j\u0105 zawsze zdobywa\u0107, tworzy\u0107\u201d.<\/em> Uroczy\u015bcie powita\u0142a te\u017c zaproszonych go\u015bci. Na obchody przybyli:<\/p><ul><li dir=\"ltr\">Starosta Powiatu Gda\u0144skiego \u2013 Pani Marzena Biernacka,<\/li><li dir=\"ltr\">W\u00f3jt Gminy Pruszcz Gda\u0144ski \u2013 Pani Weronika Chmielowiec,<\/li><li dir=\"ltr\">Ksi\u0105dz Proboszcz Parafii \u0141\u0119gowo \u2013 Grzegorz Rafi\u0144ski,<\/li><li dir=\"ltr\">Dyrektor Pomorskiej Fundacji Edukacji i Pracy &#8211; Pani Renata Tkaczyk,<\/li><li dir=\"ltr\">Skarbnik Zarz\u0105du Regionu NSZZ Solidarno\u015b\u0107 &#8211; Pan Stefan Gawro\u0144ski<\/li><li dir=\"ltr\">Cz\u0142onkowie Stowarzyszenia Rodzin Ofiar \u201eGrudzie\u0144\u2019 70\u201d: Pan Ireneusz Grabczak \u2013 Prezes Stowarzyszenia, Pan Roman Dambek &#8211;\u00a0 Radny Sejmiku Wojew\u00f3dztwa Pomorskiego, Prezes Kaszubsko-Kociewskiego Stowarzyszenia im. Tajnej Organizacji Wojskowej \u201eGryf Pomorski\u201d, Pan Andrzej Blok, Pan Stanis\u0142aw Grzyb \u2013 g\u0142\u00f3wny budowniczy Pomnika Poleg\u0142ych Stoczniowc\u00f3w<\/li><li dir=\"ltr\">So\u0142tysi:\u00a0 wsi \u0141\u0119gowo \u2013 Pan Dawid Liberacki, wsi Rusocin \u2013 Pan Tadeusz Ja\u0142oszy\u0144ski,wsi Cieplewo \u2013 Pan Edward Leszczy\u0144ski,<\/li><li dir=\"ltr\">Przewodnicz\u0105ca Rady Rodzic\u00f3w \u2013 Pani Iwona Bielska oraz Sekretarz\u2013 Pani Joanna Zakrzewska<\/li><\/ul><p dir=\"ltr\">Nast\u0119pnie g\u0142os zabierali poszczeg\u00f3lni go\u015bcie: Pani Marzena Biernacka, Pani Weronika Chmielowiec, Pan Roman Dambek, Pan Stanis\u0142aw Grzyb, Ksi\u0105dz Proboszcz oraz cz\u0142onkowie Stowarzyszenia Rodzin Ofiar Grudnia.<\/p><p dir=\"ltr\">Po wszystkich\u00a0 obszernych wyst\u0105pieniach go\u015bci nast\u0105pi\u0142 bardzo mi\u0142y moment wr\u0119czania stypendi\u00f3w. W tym roku ju\u017c po raz 21, jak podkre\u015bli\u0142 Stefan Gawro\u0144ski,\u00a0 zosta\u0142y one wr\u0119czone wyr\u00f3\u017cniaj\u0105cym si\u0119 uczniom. Z naszej szko\u0142y zosta\u0142y wytypowane trzy uczennice: <strong>Lena Wojcieszkiewicz<\/strong> z klasy VIIIa, <strong>Aleksandra Zakrzewska<\/strong> z klasy VIIIb i <strong>Anna Panchenko<\/strong> z klasy Va. Stypendia wr\u0119czyli \u2013 Renata Tkaczyk i Stefan Gawro\u0144ski. Nast\u0119pnie Pani Dyrektor zosta\u0142a obdarowana przez go\u015bci upominkami. Pan Roman Dambek ofiarowa\u0142 szkole drewniany krzy\u017cyk \u2013 zrobiony z pierwotnego du\u017cego krzy\u017ca posadowionego w miejscu zab\u00f3jstwa przez gestapo w 1944 roku J\u00f3zefa Dambka \u2013 Komendanta G\u0142\u00f3wnego Gryfa Pomorskiego oraz opracowanie ksi\u0105\u017ckowe upami\u0119tniaj\u0105ce dzia\u0142alno\u015bci Tajnej Organizacji Gryf Pomorski, za\u015b przedstawiciele Rodzin ofiarowali ksi\u0105\u017cki o Annie Walentynowicz i ludziach Sierpnia \u201980 w Gdyni.<\/p><p dir=\"ltr\">W cz\u0119\u015bci artystycznej wyst\u0105pi\u0142y dzieci i m\u0142odzie\u017c naszej szko\u0142y. Zosta\u0142y przypomniane powody buntu robotniczego i sprzeciw wobec decyzji rz\u0105du, jego przebieg i tragiczne skutki. Przejmuj\u0105ce pie\u015bni, przeplatane przywo\u0142anymi wspomnieniami uczestnik\u00f3w oraz wzruszaj\u0105ce wiersze nada\u0142y niezwyk\u0142ego charakteru tej uroczysto\u015bci. Utw\u00f3r zagrany na skrzypcach przez jedn\u0105 z uczennic wywo\u0142a\u0142 chwil\u0119 zadumy. Na zako\u0144czenie, dzieci z klasy pierwszej weso\u0142o i z rado\u015bci\u0105 za\u015bpiewa\u0142y jedn\u0105 ze znanych kol\u0119d. Po uroczysto\u015bci Pani Dyrektor z\u0142o\u017cy\u0142a wszystkim serdeczne \u017cyczenia \u015bwi\u0105teczne,\u00a0 podzi\u0119kowa\u0142a szanownym go\u015bciom za u\u015bwietnienie obchod\u00f3w Dni Patrona, m\u0142odym artystom za pi\u0119kny wyst\u0119p przygotowany pod kierunkiem Pani Ma\u0142gorzaty Dawidowskiej, za opraw\u0119 muzyczn\u0105\u00a0 El\u017cbiecie Kuci\u0144skiej i Annie \u0141agowskiej oraz Bo\u017cenie Dziergowskiej i Joannie Jankowskiej za scenografi\u0119. Nast\u0119pnie go\u015bcie i nauczyciele zostali zaproszeni na kr\u00f3tkie spotkanie.\u00a0<\/p>\t\t\t\t\t\t<\/div>\n\t\t\t\t<\/div>\n\t\t\t\t\t<\/div>\n\t\t<\/div>\n\t\t\t\t\t\t\t<\/div>\n\t\t<\/section>\n\t\t\t\t\t\t\t<\/div>\n\t\t","protected":false},"excerpt":{"rendered":"<p>W pi\u0119kny, s\u0142oneczny czwartek,\u00a0 14 grudnia 2023 roku o godzinie 11.00, rozpocz\u0119\u0142y si\u0119 g\u0142\u00f3wne uroczysto\u015bci upami\u0119tniaj\u0105ce tragiczne dni Grudnia 1970 &hellip; <\/p>\n","protected":false},"author":1,"featured_media":0,"comment_status":"closed","ping_status":"open","sticky":false,"template":"","format":"standard","meta":[],"categories":[58,1],"tags":[],"_links":{"self":[{"href":"https:\/\/splegowo.pl\/index.php\/wp-json\/wp\/v2\/posts\/20917"}],"collection":[{"href":"https:\/\/splegowo.pl\/index.php\/wp-json\/wp\/v2\/posts"}],"about":[{"href":"https:\/\/splegowo.pl\/index.php\/wp-json\/wp\/v2\/types\/post"}],"author":[{"embeddable":true,"href":"https:\/\/splegowo.pl\/index.php\/wp-json\/wp\/v2\/users\/1"}],"replies":[{"embeddable":true,"href":"https:\/\/splegowo.pl\/index.php\/wp-json\/wp\/v2\/comments?post=20917"}],"version-history":[{"count":4,"href":"https:\/\/splegowo.pl\/index.php\/wp-json\/wp\/v2\/posts\/20917\/revisions"}],"predecessor-version":[{"id":20921,"href":"https:\/\/splegowo.pl\/index.php\/wp-json\/wp\/v2\/posts\/20917\/revisions\/20921"}],"wp:attachment":[{"href":"https:\/\/splegowo.pl\/index.php\/wp-json\/wp\/v2\/media?parent=20917"}],"wp:term":[{"taxonomy":"category","embeddable":true,"href":"https:\/\/splegowo.pl\/index.php\/wp-json\/wp\/v2\/categories?post=20917"},{"taxonomy":"post_tag","embeddable":true,"href":"https:\/\/splegowo.pl\/index.php\/wp-json\/wp\/v2\/tags?post=20917"}],"curies":[{"name":"wp","href":"https:\/\/api.w.org\/{rel}","templated":true}]}}