{"id":20426,"date":"2023-10-13T18:03:17","date_gmt":"2023-10-13T16:03:17","guid":{"rendered":"https:\/\/splegowo.pl\/?p=20426"},"modified":"2023-10-23T18:08:01","modified_gmt":"2023-10-23T16:08:01","slug":"jesienne-warsztaty-czytelnicze-wydawnictwa-zakamarki-13-10-2023","status":"publish","type":"post","link":"https:\/\/splegowo.pl\/index.php\/2023\/10\/13\/jesienne-warsztaty-czytelnicze-wydawnictwa-zakamarki-13-10-2023\/","title":{"rendered":"Jesienne warsztaty czytelnicze wydawnictwa &#8222;Zakamarki&#8221; &#8211; 13.10.2023."},"content":{"rendered":"\t\t<div data-elementor-type=\"wp-post\" data-elementor-id=\"20426\" class=\"elementor elementor-20426\">\n\t\t\t\t\t\t\t\t\t<section class=\"elementor-section elementor-top-section elementor-element elementor-element-d49fe8a elementor-section-boxed elementor-section-height-default elementor-section-height-default\" data-id=\"d49fe8a\" data-element_type=\"section\">\n\t\t\t\t\t\t<div class=\"elementor-container elementor-column-gap-default\">\n\t\t\t\t\t<div class=\"elementor-column elementor-col-100 elementor-top-column elementor-element elementor-element-e129295\" data-id=\"e129295\" data-element_type=\"column\">\n\t\t\t<div class=\"elementor-widget-wrap elementor-element-populated\">\n\t\t\t\t\t\t\t\t<div class=\"elementor-element elementor-element-f48eb21 elementor-widget elementor-widget-text-editor\" data-id=\"f48eb21\" data-element_type=\"widget\" data-widget_type=\"text-editor.default\">\n\t\t\t\t<div class=\"elementor-widget-container\">\n\t\t\t\t\t\t\t<p dir=\"ltr\">Tradycj\u0105 sta\u0142y si\u0119 ju\u017c coroczne wizyty przedstawicieli wydawnictwa \u201eZakamarki\u201d w naszej szkole. W tym roku go\u015bcili\u00a0 oni w dniach 13 i 16 pa\u017adziernika 2023 roku,\u00a0 z warsztatami dla klas starszych IV i V oraz m\u0142odszych II i III. Uczniowie m\u0142odszych oddzia\u0142\u00f3w mieli okazj\u0119 pozna\u0107 bohater\u00f3w bardzo poczytnej serii \u201eBiuro Detektywistyczne Lassego i Mai\u201d, za\u015b uczniowie klas starszych poznali bohater\u00f3w i niekt\u00f3re przygody zawarte w\u00a0 innej popularnej serii \u201eDawid i Larisa\u201d, autorstwa Martina Widmarka.\u00a0<\/p><p dir=\"ltr\">\u0141amig\u0142\u00f3wki, szyfry, zagadki i tajemnicze wydarzenia, zr\u0119cznie powi\u0105zane z informacjami z r\u00f3\u017cnych dziedzin nauki nadal okazuj\u0105 si\u0119, ju\u017c dla kolejnych pokole\u0144 czytelnik\u00f3w, bardzo ciekawe i wci\u0105gaj\u0105ce. Uczestnicy warsztat\u00f3w z du\u017c\u0105 ciekawo\u015bci\u0105 i w skupieniu ogl\u0105dali prezentacj\u0119 multimedialn\u0105 oraz s\u0142uchali fragment\u00f3w ksi\u0105\u017cek \u2013 sugestywnie czytanych przez prowadz\u0105cych. Same warsztaty s\u0105 bezp\u0142atne, ale po spotkaniu ch\u0119tni uczniowie mogli zakupi\u0107, po atrakcyjnych cenach, wybran\u0105 seri\u0119 ksi\u0105\u017cek i inne tytu\u0142y wydawnictwa Zakamarki. Biblioteka szkolna r\u00f3wnie\u017c dysponuje wszystkimi tytu\u0142ami tych serii, a po warsztatach nast\u0105pi\u0142 znaczny wzrost zainteresowania i wypo\u017cycze\u0144 prezentowanych na spotkaniach ksi\u0105\u017cek.<\/p>\t\t\t\t\t\t<\/div>\n\t\t\t\t<\/div>\n\t\t\t\t\t<\/div>\n\t\t<\/div>\n\t\t\t\t\t\t\t<\/div>\n\t\t<\/section>\n\t\t\t\t\t\t\t<\/div>\n\t\t","protected":false},"excerpt":{"rendered":"<p>Tradycj\u0105 sta\u0142y si\u0119 ju\u017c coroczne wizyty przedstawicieli wydawnictwa \u201eZakamarki\u201d w naszej szkole. W tym roku go\u015bcili\u00a0 oni w dniach 13 &hellip; <\/p>\n","protected":false},"author":1,"featured_media":0,"comment_status":"closed","ping_status":"open","sticky":false,"template":"","format":"standard","meta":[],"categories":[58,1],"tags":[],"_links":{"self":[{"href":"https:\/\/splegowo.pl\/index.php\/wp-json\/wp\/v2\/posts\/20426"}],"collection":[{"href":"https:\/\/splegowo.pl\/index.php\/wp-json\/wp\/v2\/posts"}],"about":[{"href":"https:\/\/splegowo.pl\/index.php\/wp-json\/wp\/v2\/types\/post"}],"author":[{"embeddable":true,"href":"https:\/\/splegowo.pl\/index.php\/wp-json\/wp\/v2\/users\/1"}],"replies":[{"embeddable":true,"href":"https:\/\/splegowo.pl\/index.php\/wp-json\/wp\/v2\/comments?post=20426"}],"version-history":[{"count":4,"href":"https:\/\/splegowo.pl\/index.php\/wp-json\/wp\/v2\/posts\/20426\/revisions"}],"predecessor-version":[{"id":20430,"href":"https:\/\/splegowo.pl\/index.php\/wp-json\/wp\/v2\/posts\/20426\/revisions\/20430"}],"wp:attachment":[{"href":"https:\/\/splegowo.pl\/index.php\/wp-json\/wp\/v2\/media?parent=20426"}],"wp:term":[{"taxonomy":"category","embeddable":true,"href":"https:\/\/splegowo.pl\/index.php\/wp-json\/wp\/v2\/categories?post=20426"},{"taxonomy":"post_tag","embeddable":true,"href":"https:\/\/splegowo.pl\/index.php\/wp-json\/wp\/v2\/tags?post=20426"}],"curies":[{"name":"wp","href":"https:\/\/api.w.org\/{rel}","templated":true}]}}