{"id":19945,"date":"2023-06-27T17:47:18","date_gmt":"2023-06-27T15:47:18","guid":{"rendered":"https:\/\/splegowo.pl\/?p=19945"},"modified":"2023-06-28T11:49:09","modified_gmt":"2023-06-28T09:49:09","slug":"podniosla-uroczystosc-zakonczenia-nauki-w-klasach-osmych-22-06-2023","status":"publish","type":"post","link":"https:\/\/splegowo.pl\/index.php\/2023\/06\/27\/podniosla-uroczystosc-zakonczenia-nauki-w-klasach-osmych-22-06-2023\/","title":{"rendered":"Podnios\u0142a uroczysto\u015b\u0107 zako\u0144czenia nauki w klasach \u00f3smych &#8211; 22.06.2023"},"content":{"rendered":"\t\t<div data-elementor-type=\"wp-post\" data-elementor-id=\"19945\" class=\"elementor elementor-19945\">\n\t\t\t\t\t\t\t\t\t<section class=\"elementor-section elementor-top-section elementor-element elementor-element-d38bda4 elementor-section-boxed elementor-section-height-default elementor-section-height-default\" data-id=\"d38bda4\" data-element_type=\"section\">\n\t\t\t\t\t\t<div class=\"elementor-container elementor-column-gap-default\">\n\t\t\t\t\t<div class=\"elementor-column elementor-col-100 elementor-top-column elementor-element elementor-element-99fd625\" data-id=\"99fd625\" data-element_type=\"column\">\n\t\t\t<div class=\"elementor-widget-wrap elementor-element-populated\">\n\t\t\t\t\t\t\t\t<div class=\"elementor-element elementor-element-b1ed854 elementor-widget elementor-widget-text-editor\" data-id=\"b1ed854\" data-element_type=\"widget\" data-widget_type=\"text-editor.default\">\n\t\t\t\t<div class=\"elementor-widget-container\">\n\t\t\t\t\t\t\t<p>Tradycyjnie po\u017cegnanie uczni\u00f3w klas \u00f3smych rozpocz\u0119\u0142o si\u0119 ta\u0144cem. Wszyscy uczniowie od\u015bwi\u0119tnie i elegancko ubrani uroczy\u015bcie wykonali poloneza. By\u0142a to pi\u0119kna i wzruszaj\u0105ca chwila dla wszystkich obecnych, szczeg\u00f3lnie dla rodzic\u00f3w i nauczycieli, podziwiaj\u0105cych energi\u0119, m\u0142odo\u015b\u0107 i umiej\u0119tno\u015bci \u00f3smoklasist\u00f3w. Na uroczysto\u015b\u0107 przybyli zaproszeni go\u015bcie:<\/p><ul><li>Wicew\u00f3jt Gminy Pruszcz Gda\u0144ski &#8211; Pan Andrzej Chmielewski,<\/li><li>Ksi\u0105dz Proboszcz \u2013 Grzegorz Rafi\u0144ski,<\/li><li>Dyrektor Szko\u0142y Podstawowej w Wojanowie \u2013 Pani Ma\u0142gorzata Sulewska,<\/li><li>Kierownik Gminnego O\u015brodka Pomocy Spo\u0142ecznej w Cieplewie \u2013 Pani Ewa Drzazga,<\/li><li>Radni Gminy Pruszcz Gda\u0144ski: Pani Monika Ficek i Pan Karol Kardasi\u0144ski,<\/li><li>So\u0142tysi: Rusocina \u2013 Pan Tadeusz Ja\u0142oszy\u0144ski i \u0141\u0119gowa \u2013 Pan Szymon Liberacki,<\/li><li>Przewodnicz\u0105ca Rady Rodzic\u00f3w \u2013 Pani Dominika Ramotowska,<\/li><\/ul><p>Mottem tegorocznego po\u017cegnania by\u0142y s\u0142owa z wiersza polskiej noblistki Wis\u0142awy Szymborskiej \u201eNic dwa razy si\u0119 nie zdarza\u201d. Pani Dyrektor w swojej mowie do m\u0142odzie\u017cy kilkakrotnie nawi\u0105zywa\u0142a do tych s\u0142\u00f3w, kt\u00f3re trafnie oddaj\u0105 wyj\u0105tkowo\u015b\u0107 i niepowtarzalno\u015b\u0107 losu ka\u017cdego cz\u0142owieka. Nast\u0119pnie g\u0142os zabrali Wicew\u00f3jt Gminy Andrzej Chmielewski i Ksi\u0105dz Proboszcz Grzegorz Rafi\u0144ski, kt\u00f3ry obdarowa\u0142 m\u0142odzie\u017c ma\u0142ymi wizerunkami herbu \u0141\u0119gowa.<br \/>Statuetk\u0119 Absolwenta z r\u0105k Pani Dyrektor i Wicew\u00f3jta Gminy otrzyma\u0142a uczennica \u2013 <strong>Julia Dzierz\u0119cka<\/strong> z klasy VIIIc, za\u015b stypendia naukowe &#8211; <strong>Jakub Reszka<\/strong> z klasy VIIIa i <strong>Damian Mylim<\/strong> z klasy VIIId. Stypendia sportowe otrzymali: <strong>Piotr Heksel<\/strong> i <strong>Nikodem Zajkowski<\/strong> z klasy VIIIb oraz <strong>Lena Borkowska<\/strong>, <strong>Mateusz Breska<\/strong>, <strong>Martyna Drewnowska<\/strong>, <strong>Julia Dzierz\u0119cka<\/strong>, <strong>Liliana Mazalon<\/strong>\u00a0z klasy VIIIc. Radni Gminy wr\u0119czyli wyr\u00f3\u017cnienia i odznaki M\u0142ody Przyjaciel Tr\u00f3jwsi \u2013<strong> Nikoli Niedzia\u0142ek<\/strong> z klasy VIIIa i <strong>Nikodemowi Radziwilskiemu<\/strong> z klasy VIIId za prac\u0119 w ramach wolontariatu.<br \/>Nagrody ksi\u0105\u017ckowe z r\u0105k Pani Dyrektor i wychowawc\u00f3w otrzymali wszyscy wyr\u00f3\u017cniaj\u0105cy si\u0119 w nauce, sporcie, czytelnictwie uczniowie klas \u00f3smych, a listy gratulacyjne rodzice zaanga\u017cowani w pomoc i prac\u0119 na rzecz szko\u0142y. Na zako\u0144czenie nast\u0105pi\u0142o przekazanie Sztandaru Szko\u0142y uczniom klas si\u00f3dmych. Po akademii uczniowie, go\u015bcie i nauczyciele zostali zaproszeni przez rodzic\u00f3w na kr\u00f3tkie spotkanie. Dzi\u0119ki hojno\u015bci sponsora uczniowie klas VIII otrzymali nagrody i upominek w postaci bonu zakupowego o warto\u015bci 200z\u0142. Za tak ogromne wsparcie w imieniu absolwent\u00f3w z ca\u0142ego serca dzi\u0119kujemy.<\/p>\t\t\t\t\t\t<\/div>\n\t\t\t\t<\/div>\n\t\t\t\t\t<\/div>\n\t\t<\/div>\n\t\t\t\t\t\t\t<\/div>\n\t\t<\/section>\n\t\t\t\t\t\t\t<\/div>\n\t\t","protected":false},"excerpt":{"rendered":"<p>Tradycyjnie po\u017cegnanie uczni\u00f3w klas \u00f3smych rozpocz\u0119\u0142o si\u0119 ta\u0144cem. Wszyscy uczniowie od\u015bwi\u0119tnie i elegancko ubrani uroczy\u015bcie wykonali poloneza. By\u0142a to pi\u0119kna &hellip; <\/p>\n","protected":false},"author":1,"featured_media":0,"comment_status":"closed","ping_status":"open","sticky":false,"template":"","format":"standard","meta":[],"categories":[29,1],"tags":[],"_links":{"self":[{"href":"https:\/\/splegowo.pl\/index.php\/wp-json\/wp\/v2\/posts\/19945"}],"collection":[{"href":"https:\/\/splegowo.pl\/index.php\/wp-json\/wp\/v2\/posts"}],"about":[{"href":"https:\/\/splegowo.pl\/index.php\/wp-json\/wp\/v2\/types\/post"}],"author":[{"embeddable":true,"href":"https:\/\/splegowo.pl\/index.php\/wp-json\/wp\/v2\/users\/1"}],"replies":[{"embeddable":true,"href":"https:\/\/splegowo.pl\/index.php\/wp-json\/wp\/v2\/comments?post=19945"}],"version-history":[{"count":14,"href":"https:\/\/splegowo.pl\/index.php\/wp-json\/wp\/v2\/posts\/19945\/revisions"}],"predecessor-version":[{"id":19961,"href":"https:\/\/splegowo.pl\/index.php\/wp-json\/wp\/v2\/posts\/19945\/revisions\/19961"}],"wp:attachment":[{"href":"https:\/\/splegowo.pl\/index.php\/wp-json\/wp\/v2\/media?parent=19945"}],"wp:term":[{"taxonomy":"category","embeddable":true,"href":"https:\/\/splegowo.pl\/index.php\/wp-json\/wp\/v2\/categories?post=19945"},{"taxonomy":"post_tag","embeddable":true,"href":"https:\/\/splegowo.pl\/index.php\/wp-json\/wp\/v2\/tags?post=19945"}],"curies":[{"name":"wp","href":"https:\/\/api.w.org\/{rel}","templated":true}]}}