{"id":19675,"date":"2023-05-29T18:26:00","date_gmt":"2023-05-29T16:26:00","guid":{"rendered":"https:\/\/splegowo.pl\/?p=19675"},"modified":"2023-05-29T18:30:04","modified_gmt":"2023-05-29T16:30:04","slug":"tak-dzialalamy","status":"publish","type":"post","link":"https:\/\/splegowo.pl\/index.php\/2023\/05\/29\/tak-dzialalamy\/","title":{"rendered":"Tak dzia\u0142amy"},"content":{"rendered":"\t\t<div data-elementor-type=\"wp-post\" data-elementor-id=\"19675\" class=\"elementor elementor-19675\">\n\t\t\t\t\t\t\t\t\t<section class=\"elementor-section elementor-top-section elementor-element elementor-element-b621a41 elementor-section-boxed elementor-section-height-default elementor-section-height-default\" data-id=\"b621a41\" data-element_type=\"section\">\n\t\t\t\t\t\t<div class=\"elementor-container elementor-column-gap-default\">\n\t\t\t\t\t<div class=\"elementor-column elementor-col-100 elementor-top-column elementor-element elementor-element-853af60\" data-id=\"853af60\" data-element_type=\"column\">\n\t\t\t<div class=\"elementor-widget-wrap elementor-element-populated\">\n\t\t\t\t\t\t\t\t<div class=\"elementor-element elementor-element-c63a7ce elementor-widget elementor-widget-text-editor\" data-id=\"c63a7ce\" data-element_type=\"widget\" data-widget_type=\"text-editor.default\">\n\t\t\t\t<div class=\"elementor-widget-container\">\n\t\t\t\t\t\t\t<p>K\u00f3\u0142ko taneczno-teatralne w naszej szkole dzia\u0142a ju\u017c drugi rok. Mimo tego, \u017ce zaj\u0119cia odbywaj\u0105 si\u0119 p\u00f3\u017anym popo\u0142udniem, wci\u0105\u017c przybywa ch\u0119tnych, kt\u00f3rzy chc\u0105 w nich uczestniczy\u0107. W tym roku szkolnym postanowili\u015bmy przedstawi\u0107 rodzicom efekty naszej pracy i zaprosili\u015bmy ich na kr\u00f3tkie przedstawienie taneczno-teatralne.<\/p>\t\t\t\t\t\t<\/div>\n\t\t\t\t<\/div>\n\t\t\t\t\t<\/div>\n\t\t<\/div>\n\t\t\t\t\t\t\t<\/div>\n\t\t<\/section>\n\t\t\t\t\t\t\t<\/div>\n\t\t","protected":false},"excerpt":{"rendered":"<p>K\u00f3\u0142ko taneczno-teatralne w naszej szkole dzia\u0142a ju\u017c drugi rok. Mimo tego, \u017ce zaj\u0119cia odbywaj\u0105 si\u0119 p\u00f3\u017anym popo\u0142udniem, wci\u0105\u017c przybywa ch\u0119tnych, &hellip; <\/p>\n","protected":false},"author":1,"featured_media":0,"comment_status":"closed","ping_status":"open","sticky":false,"template":"","format":"standard","meta":[],"categories":[29,1],"tags":[],"_links":{"self":[{"href":"https:\/\/splegowo.pl\/index.php\/wp-json\/wp\/v2\/posts\/19675"}],"collection":[{"href":"https:\/\/splegowo.pl\/index.php\/wp-json\/wp\/v2\/posts"}],"about":[{"href":"https:\/\/splegowo.pl\/index.php\/wp-json\/wp\/v2\/types\/post"}],"author":[{"embeddable":true,"href":"https:\/\/splegowo.pl\/index.php\/wp-json\/wp\/v2\/users\/1"}],"replies":[{"embeddable":true,"href":"https:\/\/splegowo.pl\/index.php\/wp-json\/wp\/v2\/comments?post=19675"}],"version-history":[{"count":5,"href":"https:\/\/splegowo.pl\/index.php\/wp-json\/wp\/v2\/posts\/19675\/revisions"}],"predecessor-version":[{"id":19680,"href":"https:\/\/splegowo.pl\/index.php\/wp-json\/wp\/v2\/posts\/19675\/revisions\/19680"}],"wp:attachment":[{"href":"https:\/\/splegowo.pl\/index.php\/wp-json\/wp\/v2\/media?parent=19675"}],"wp:term":[{"taxonomy":"category","embeddable":true,"href":"https:\/\/splegowo.pl\/index.php\/wp-json\/wp\/v2\/categories?post=19675"},{"taxonomy":"post_tag","embeddable":true,"href":"https:\/\/splegowo.pl\/index.php\/wp-json\/wp\/v2\/tags?post=19675"}],"curies":[{"name":"wp","href":"https:\/\/api.w.org\/{rel}","templated":true}]}}