{"id":19593,"date":"2023-03-28T14:51:46","date_gmt":"2023-03-28T12:51:46","guid":{"rendered":"https:\/\/splegowo.pl\/?p=19593"},"modified":"2023-05-10T15:01:46","modified_gmt":"2023-05-10T13:01:46","slug":"wiosenny-turniej-klas-27-03-2023","status":"publish","type":"post","link":"https:\/\/splegowo.pl\/index.php\/2023\/03\/28\/wiosenny-turniej-klas-27-03-2023\/","title":{"rendered":"Wiosenny Turniej Klas &#8211; 27.03.2023."},"content":{"rendered":"\t\t<div data-elementor-type=\"wp-post\" data-elementor-id=\"19593\" class=\"elementor elementor-19593\">\n\t\t\t\t\t\t\t\t\t<section class=\"elementor-section elementor-top-section elementor-element elementor-element-f7bff04 elementor-section-boxed elementor-section-height-default elementor-section-height-default\" data-id=\"f7bff04\" data-element_type=\"section\">\n\t\t\t\t\t\t<div class=\"elementor-container elementor-column-gap-default\">\n\t\t\t\t\t<div class=\"elementor-column elementor-col-100 elementor-top-column elementor-element elementor-element-be01cd1\" data-id=\"be01cd1\" data-element_type=\"column\">\n\t\t\t<div class=\"elementor-widget-wrap elementor-element-populated\">\n\t\t\t\t\t\t\t\t<div class=\"elementor-element elementor-element-1ceead1 elementor-widget elementor-widget-text-editor\" data-id=\"1ceead1\" data-element_type=\"widget\" data-widget_type=\"text-editor.default\">\n\t\t\t\t<div class=\"elementor-widget-container\">\n\t\t\t\t\t\t\t<p><span style=\"font-weight: 400;\">Z lekkim po\u015blizgiem spo\u0142eczno\u015b\u0107 szkolna przywita\u0142a Pierwszy Dzie\u0144 Wiosny. <\/span><\/p><p><span style=\"font-weight: 400;\">Do tego dnia uczniowie klas 4 \u2013 8 przygotowywali si\u0119 bardzo starannie.\u00a0<\/span><span style=\"font-weight: 400;\">Po wylosowaniu kolor\u00f3w, uczniowie przyst\u0105pili do wykonywania transparent\u00f3w z has\u0142ami, rekwizyt\u00f3w zgodnie z wylosowanymi kolorami.\u00a0<\/span><span style=\"font-weight: 400;\">Rozpocz\u0119li pr\u00f3by uk\u0142adu tanecznego do kt\u00f3rego sami uk\u0142adali choreografi\u0119.<\/span><\/p><p><span style=\"font-weight: 400;\">W poniedzia\u0142ek 27 kwietnia ju\u017c od rana, najpierw klasy starsze VII-VIII, za\u015b troch\u0119 p\u00f3\u017aniej klasy m\u0142odsze IV-VI przyst\u0105pi\u0142y do wykonywania zada\u0144. By\u0142y nimi takie konkurencje jak:<\/span><\/p><ul><li style=\"font-weight: 400;\" aria-level=\"1\"><span style=\"font-weight: 400;\">wykonanie plakatu na temat \u201cPozytywnie zakr\u0119ceni\u201d,<\/span><\/li><li style=\"font-weight: 400;\" aria-level=\"1\"><span style=\"font-weight: 400;\">uk\u0142ad taneczny,<\/span><\/li><li style=\"font-weight: 400;\" aria-level=\"1\"><span style=\"font-weight: 400;\">quiz wiedzy dla uczni\u00f3w,<\/span><\/li><li style=\"font-weight: 400;\" aria-level=\"1\"><span style=\"font-weight: 400;\">zmagania sportowe uczni\u00f3w i wychowawc\u00f3w,<\/span><\/li><li style=\"font-weight: 400;\" aria-level=\"1\"><span style=\"font-weight: 400;\">doping<\/span><\/li><\/ul><p><span style=\"font-weight: 400;\">Jury z uwag\u0105 obejrza\u0142o\u00a0 uk\u0142ady taneczne poszczeg\u00f3lnych klas, a potem bacznie obserwowa\u0142o pozosta\u0142e konkurencje.\u00a0 W klasach uczniowie rozwi\u0105zywali test wiedzy. <\/span><\/p><p><span style=\"font-weight: 400;\">Po zako\u0144czeniu turnieju nast\u0105pi\u0142o ocenienie i podsumowanie ca\u0142o\u015bci. Obrady jury okaza\u0142y si\u0119 bardzo burzliwe. Uczestnicy byli \u015bwietnie przygotowani,\u00a0 a zmagania mia\u0142y do\u015b\u0107 wyr\u00f3wnany poziom, na wygranej wa\u017cy\u0142y pojedyncze punkty. Wyniki uroczy\u015bcie og\u0142osi\u0142a <\/span><span style=\"font-weight: 400;\">Pani Dyrektor El\u017cbieta Dzia\u0142oszewska.<\/span><\/p><p><b>KLASY IV-VI<\/b><\/p><ul><li style=\"font-weight: 400;\" aria-level=\"1\"><b>I miejsce:<\/b><span style=\"font-weight: 400;\">\u00a0klasa V a<\/span><\/li><li style=\"font-weight: 400;\" aria-level=\"1\"><b>II miejsce:<\/b><span style=\"font-weight: 400;\">\u00a0klasa IV c\u00a0<\/span><\/li><li style=\"font-weight: 400;\" aria-level=\"1\"><b>III miejsce:<\/b><span style=\"font-weight: 400;\"> klasa Vb\u00a0<\/span><\/li><\/ul><p><b>KLASY VII-VIII<\/b><\/p><ul><li style=\"font-weight: 400;\" aria-level=\"1\"><b>I miejsce:<\/b><span style=\"font-weight: 400;\">\u00a0klasa VIII c<\/span><\/li><li style=\"font-weight: 400;\" aria-level=\"1\"><b>II miejsce:<\/b><span style=\"font-weight: 400;\">\u00a0klasa VIII a<\/span><\/li><li style=\"font-weight: 400;\" aria-level=\"1\"><b>III miejsce:<\/b><span style=\"font-weight: 400;\">\u00a0klasa VIII d<\/span><\/li><\/ul><p><span style=\"font-weight: 400;\">Zdobywcy pierwszych miejsc otrzymali nagrod\u0119 w wysoko\u015bci 1000 z\u0142, drugiego miejsca \u2013 600 z\u0142, a trzeciego \u2013 400 z\u0142. Wszyscy uczestnicy otrzymali s\u0142odki pocz\u0119stunek. Wszystko to dzi\u0119ki anonimowemu sponsorowi. <\/span><\/p><p><span style=\"font-weight: 400;\">Organizatorem turnieju by\u0142 Samorz\u0105d Uczniowski z opiekunami Agnieszk\u0105 Grzmiel i Marzen\u0105 Flejszar.\u00a0<\/span><\/p><p style=\"text-align: center;\"><b>WIELKIE GRATULACJE DLA ZWYCI\u0118ZC\u00d3W I WSZYSTKICH UCZESTNIK\u00d3W!<\/b><\/p>\t\t\t\t\t\t<\/div>\n\t\t\t\t<\/div>\n\t\t\t\t\t<\/div>\n\t\t<\/div>\n\t\t\t\t\t\t\t<\/div>\n\t\t<\/section>\n\t\t\t\t\t\t\t<\/div>\n\t\t","protected":false},"excerpt":{"rendered":"<p>Z lekkim po\u015blizgiem spo\u0142eczno\u015b\u0107 szkolna przywita\u0142a Pierwszy Dzie\u0144 Wiosny. Do tego dnia uczniowie klas 4 \u2013 8 przygotowywali si\u0119 bardzo &hellip; <\/p>\n","protected":false},"author":1,"featured_media":0,"comment_status":"closed","ping_status":"open","sticky":false,"template":"","format":"standard","meta":[],"categories":[29,1,43],"tags":[],"_links":{"self":[{"href":"https:\/\/splegowo.pl\/index.php\/wp-json\/wp\/v2\/posts\/19593"}],"collection":[{"href":"https:\/\/splegowo.pl\/index.php\/wp-json\/wp\/v2\/posts"}],"about":[{"href":"https:\/\/splegowo.pl\/index.php\/wp-json\/wp\/v2\/types\/post"}],"author":[{"embeddable":true,"href":"https:\/\/splegowo.pl\/index.php\/wp-json\/wp\/v2\/users\/1"}],"replies":[{"embeddable":true,"href":"https:\/\/splegowo.pl\/index.php\/wp-json\/wp\/v2\/comments?post=19593"}],"version-history":[{"count":4,"href":"https:\/\/splegowo.pl\/index.php\/wp-json\/wp\/v2\/posts\/19593\/revisions"}],"predecessor-version":[{"id":19597,"href":"https:\/\/splegowo.pl\/index.php\/wp-json\/wp\/v2\/posts\/19593\/revisions\/19597"}],"wp:attachment":[{"href":"https:\/\/splegowo.pl\/index.php\/wp-json\/wp\/v2\/media?parent=19593"}],"wp:term":[{"taxonomy":"category","embeddable":true,"href":"https:\/\/splegowo.pl\/index.php\/wp-json\/wp\/v2\/categories?post=19593"},{"taxonomy":"post_tag","embeddable":true,"href":"https:\/\/splegowo.pl\/index.php\/wp-json\/wp\/v2\/tags?post=19593"}],"curies":[{"name":"wp","href":"https:\/\/api.w.org\/{rel}","templated":true}]}}